{"id":5105,"date":"2023-11-14T18:57:54","date_gmt":"2023-11-14T17:57:54","guid":{"rendered":"https:\/\/sibenik-meteo.hr\/?p=5105"},"modified":"2023-11-14T18:58:04","modified_gmt":"2023-11-14T17:58:04","slug":"sutra-prolazno-pogorsanje-vremena","status":"publish","type":"post","link":"https:\/\/sibenik-meteo.hr\/index.php\/2023\/11\/14\/sutra-prolazno-pogorsanje-vremena\/","title":{"rendered":"Sutra prolazno pogor\u0161anje vremena"},"content":{"rendered":"\n<p>Oslabljena fronta koja se sa sjeverozapada kontinenta pribli\u017eava Jadranu nova je brzopotezna promjena vremena koja \u0107e svojom glavninom na ovom podru\u010dju nastupiti u drugom dijelu no\u0107i te sutra ujutro.<\/p>\n\n\n\n<p>Pri tome \u0107e oborine biti slabe i uglavnom izda\u0161nije u zale\u0111u u odnosu na obalu i otoke. Sustav \u0107e se vrlo brzo premjestiti preko nas pa se ve\u0107 od sredine dana o\u010dekuje raskidanje naoblake.<\/p>\n\n\n\n<p> Unjereno jugo sutra \u0107e prolazom sustava oslabiti i okrenuti na sjeverozapadne smjerove, a nave\u010der na umjerenu buru \u0161to ne\u0107e bitnije utjecati na temperaturu koja \u0107e se kretati izme\u0111u 16 i 20 stupnjeva.<\/p>\n\n\n\n<p>Nakon stabilnog \u010detvrtka nova promjena dolazi ve\u0107 u petak.<\/p>\n","protected":false},"excerpt":{"rendered":"<p>Oslabljena fronta koja se sa sjeverozapada kontinenta pribli\u017eava Jadranu nova je brzopotezna promjena vremena koja&#8230;<\/p>\n","protected":false},"author":1,"featured_media":4992,"comment_status":"closed","ping_status":"open","sticky":false,"template":"","format":"standard","meta":{"_monsterinsights_skip_tracking":false,"_monsterinsights_sitenote_active":false,"_monsterinsights_sitenote_note":"","_monsterinsights_sitenote_category":0,"footnotes":""},"categories":[3],"tags":[113,40,369,61],"class_list":["post-5105","post","type-post","status-publish","format-standard","has-post-thumbnail","hentry","category-lokalno-vrijeme","tag-fronta","tag-kisa","tag-pogorsanje-vremena","tag-sibenik"],"_links":{"self":[{"href":"https:\/\/sibenik-meteo.hr\/index.php\/wp-json\/wp\/v2\/posts\/5105","targetHints":{"allow":["GET"]}}],"collection":[{"href":"https:\/\/sibenik-meteo.hr\/index.php\/wp-json\/wp\/v2\/posts"}],"about":[{"href":"https:\/\/sibenik-meteo.hr\/index.php\/wp-json\/wp\/v2\/types\/post"}],"author":[{"embeddable":true,"href":"https:\/\/sibenik-meteo.hr\/index.php\/wp-json\/wp\/v2\/users\/1"}],"replies":[{"embeddable":true,"href":"https:\/\/sibenik-meteo.hr\/index.php\/wp-json\/wp\/v2\/comments?post=5105"}],"version-history":[{"count":1,"href":"https:\/\/sibenik-meteo.hr\/index.php\/wp-json\/wp\/v2\/posts\/5105\/revisions"}],"predecessor-version":[{"id":5106,"href":"https:\/\/sibenik-meteo.hr\/index.php\/wp-json\/wp\/v2\/posts\/5105\/revisions\/5106"}],"wp:featuredmedia":[{"embeddable":true,"href":"https:\/\/sibenik-meteo.hr\/index.php\/wp-json\/wp\/v2\/media\/4992"}],"wp:attachment":[{"href":"https:\/\/sibenik-meteo.hr\/index.php\/wp-json\/wp\/v2\/media?parent=5105"}],"wp:term":[{"taxonomy":"category","embeddable":true,"href":"https:\/\/sibenik-meteo.hr\/index.php\/wp-json\/wp\/v2\/categories?post=5105"},{"taxonomy":"post_tag","embeddable":true,"href":"https:\/\/sibenik-meteo.hr\/index.php\/wp-json\/wp\/v2\/tags?post=5105"}],"curies":[{"name":"wp","href":"https:\/\/api.w.org\/{rel}","templated":true}]}}