{"id":5099,"date":"2023-11-10T11:08:18","date_gmt":"2023-11-10T10:08:18","guid":{"rendered":"https:\/\/sibenik-meteo.hr\/?p=5099"},"modified":"2023-11-10T11:08:27","modified_gmt":"2023-11-10T10:08:27","slug":"promjenjivo-vrijeme-i-u-danima-vikenda","status":"publish","type":"post","link":"https:\/\/sibenik-meteo.hr\/index.php\/2023\/11\/10\/promjenjivo-vrijeme-i-u-danima-vikenda\/","title":{"rendered":"Promjenjivo vrijeme i u danima vikenda"},"content":{"rendered":"\n<p>Plitka ciklona s frontanim sustavom koja se premje\u0161ta preko Jadrana danas je donijela novo pogor\u0161anje vremena pa jutros na cijelom podru\u010dju uz obla\u010dno vrijeme pada slaba do umjerena ki\u0161a. Umjereno jako jugo tijekom no\u0107i i jutra je oslabljelo, a temperature zraka su relativno svje\u017ee i kre\u0107u se od 10 do 14\u00b0C u zale\u0111u, odnosno od 14 do 16\u00b0C uz obalu i na otocima.<\/p>\n\n\n\n<p>U nastavku dana prevladavati \u0107e prete\u017eno obla\u010dno vrijeme uz povremenu ki\u0161u i lokalne grmljavinske pljuskove. Nakon prvog oborinskog vala poslijepodne oborine \u0107e prolazno oslabiti, a nave\u010der se o\u010dekuje novo ja\u010de naobla\u010denje uz ki\u0161u te grmljavinske pljuskove koji lokalno mogu biti i obilniji. Vjetar \u0107e nakon juga okrenuti na slabe ju\u017ene, a poslijepodne na zapadne i sjeverozapadne smjerove pri \u0107emu \u0107e na otvorenom moru vjetar ve\u010deras biti poja\u010dan i imati jake do olujne udare. Temperature zraka \u0107e biti u prosjeku za doba godinej i u zale\u0111u se kretati izme\u0111u 9 i 11\u00b0C, odnosno od 14 do 16\u00b0C uz obalu.<\/p>\n\n\n\n<p>I prvi dio subote donosi dosta promjenjivo vrijeme uz ki\u0161u i lokalne grmljavinske pljuskove koji u no\u0107i lokalno mogu biti i obilniji. Od sredine dana nastupiti \u0107e postupni prestanak oborina i raskidanje naoblake uz nekoliko sun\u010danih sati, me\u0111utim ve\u0107 u no\u0107i postupno \u0107e do\u0107i do novog porasta naoblake i mogu\u0107nosti za povremenu slabu ki\u0161u ili pljuskove koji \u0107e i obilje\u017eiti prvi dio nedjelje nakon \u010dega \u0107e nastupiti raskidanje naoblake.<\/p>\n\n\n\n<p>Slab vjetar prete\u017eno sjevernih smjerova, a na moru poja\u010dan sjeverozapadnjak, sutra \u0107e od jutra potpuno oslabljeti te nave\u010der okrenuti na slabo jugo i levanat koje \u0107e puhati ve\u0107i dio nedjelje. Nave\u010der \u0107e jugo utihnuti i vjetar \u0107e okrenuti na slabe promjenjive ili sjeverne smjerove. Temperature zraka biti \u0107e malo ni\u017ee nego tijekom petka i kretati se izme\u0111u 9 i 14\u00b0C.<br><\/p>\n","protected":false},"excerpt":{"rendered":"<p>Plitka ciklona s frontanim sustavom koja se premje\u0161ta preko Jadrana danas je donijela novo pogor\u0161anje&#8230;<\/p>\n","protected":false},"author":1,"featured_media":3268,"comment_status":"closed","ping_status":"open","sticky":false,"template":"","format":"standard","meta":{"_monsterinsights_skip_tracking":false,"_monsterinsights_sitenote_active":false,"_monsterinsights_sitenote_note":"","_monsterinsights_sitenote_category":0,"footnotes":""},"categories":[3],"tags":[222,547,76,340],"class_list":["post-5099","post","type-post","status-publish","format-standard","has-post-thumbnail","hentry","category-lokalno-vrijeme","tag-lokalna-prognoza","tag-nestabilne-vremenske-prilike","tag-prognoza-vremena","tag-vikend-prognoza"],"_links":{"self":[{"href":"https:\/\/sibenik-meteo.hr\/index.php\/wp-json\/wp\/v2\/posts\/5099","targetHints":{"allow":["GET"]}}],"collection":[{"href":"https:\/\/sibenik-meteo.hr\/index.php\/wp-json\/wp\/v2\/posts"}],"about":[{"href":"https:\/\/sibenik-meteo.hr\/index.php\/wp-json\/wp\/v2\/types\/post"}],"author":[{"embeddable":true,"href":"https:\/\/sibenik-meteo.hr\/index.php\/wp-json\/wp\/v2\/users\/1"}],"replies":[{"embeddable":true,"href":"https:\/\/sibenik-meteo.hr\/index.php\/wp-json\/wp\/v2\/comments?post=5099"}],"version-history":[{"count":1,"href":"https:\/\/sibenik-meteo.hr\/index.php\/wp-json\/wp\/v2\/posts\/5099\/revisions"}],"predecessor-version":[{"id":5100,"href":"https:\/\/sibenik-meteo.hr\/index.php\/wp-json\/wp\/v2\/posts\/5099\/revisions\/5100"}],"wp:featuredmedia":[{"embeddable":true,"href":"https:\/\/sibenik-meteo.hr\/index.php\/wp-json\/wp\/v2\/media\/3268"}],"wp:attachment":[{"href":"https:\/\/sibenik-meteo.hr\/index.php\/wp-json\/wp\/v2\/media?parent=5099"}],"wp:term":[{"taxonomy":"category","embeddable":true,"href":"https:\/\/sibenik-meteo.hr\/index.php\/wp-json\/wp\/v2\/categories?post=5099"},{"taxonomy":"post_tag","embeddable":true,"href":"https:\/\/sibenik-meteo.hr\/index.php\/wp-json\/wp\/v2\/tags?post=5099"}],"curies":[{"name":"wp","href":"https:\/\/api.w.org\/{rel}","templated":true}]}}