{"id":4982,"date":"2023-09-22T17:20:16","date_gmt":"2023-09-22T15:20:16","guid":{"rendered":"https:\/\/sibenik-meteo.hr\/?p=4982"},"modified":"2023-09-22T17:25:35","modified_gmt":"2023-09-22T15:25:35","slug":"meteoalarm-sutra-lokalno-obilne-oborine","status":"publish","type":"post","link":"https:\/\/sibenik-meteo.hr\/index.php\/2023\/09\/22\/meteoalarm-sutra-lokalno-obilne-oborine\/","title":{"rendered":"Meteoalarm: Sutra lokalno obilne oborine!"},"content":{"rendered":"\n<p>Frontalni sustav koji se Jadranu pribli\u017eava sa sjeverozapada kontinenta u danima vikenda donosi izra\u017eeniju promjenu vremena koja \u0107e biti pra\u0107ena lokalno obilnim oborinama na \u0161to upozorava i sustav Meteoalarma koji je za sutra zbog mogu\u0107nosti da tijekom 24h padne vi\u0161e od 90 litara ki\u0161e izdao visoko naran\u010dasto vremensko upozorenje!<\/p>\n\n\n\n<div class=\"wp-block-image\"><figure class=\"aligncenter\"><img loading=\"lazy\" decoding=\"async\" width=\"720\" height=\"720\" src=\"https:\/\/sibenik-meteo.hr\/wp-content\/uploads\/2023\/09\/web_fronte_sutra12.jpg\" alt=\"\" class=\"wp-image-4984\" srcset=\"https:\/\/sibenik-meteo.hr\/wp-content\/uploads\/2023\/09\/web_fronte_sutra12.jpg 720w, https:\/\/sibenik-meteo.hr\/wp-content\/uploads\/2023\/09\/web_fronte_sutra12-150x150.jpg 150w, https:\/\/sibenik-meteo.hr\/wp-content\/uploads\/2023\/09\/web_fronte_sutra12-300x300.jpg 300w\" sizes=\"auto, (max-width: 720px) 100vw, 720px\" \/><\/figure><\/div>\n\n\n\n<p>Promjena vremena nastupila je ve\u0107 danas, odnosno protekle no\u0107i ja\u010danjem juga koje cijeli dan pu\u0161e umjereno do umjereno jako. Nakon djelomice sun\u010danog dana u poslijepodnevnim satima se naobla\u010dilo, a prema ve\u010deri se o\u010dekuje postupno i ki\u0161a. Temperature zraka su i danas bile dosta visoke pa je primjerice sredinom dana na skradinskom podru\u010dju bilo i vru\u0107e sa izmjerenih 31\u00b0C.<\/p>\n\n\n\n<p>Prema zadnjim prognozama visokorezolucijskih modela glavnina pogor\u0161anja na\u0161e krajeve zahvatiti \u0107e sutra kada \u0107e uz obla\u010dno vrijeme padati ki\u0161a, a lokalno \u0107e biti i izra\u017eenijih grmljavinskih nevremena tijekom kojih za kratko vrijeme mo\u017ee pasti i ve\u0107a koli\u010dina ki\u0161e \u0161to mo\u017ee uzrokovati urbane i buji\u010dne poplave. Jugo \u0107e u no\u0107i oslabiti i sutra okrenuti na slabe do umjerene vjetrove jugozapadnih ili promjenjivih smjerova, a prema ve\u010deri uglavnom sjevernih. Temperature zraka \u0107e se osjetno sniziti i kretati se izme\u0111u 18 i 23\u00b0C.<\/p>\n\n\n\n<p>U nedjelju \u0107e zapuhati umjerena do umjereno jaka bura koja \u0107e u drugom dijelu dana donijeti postupnu stabilizaciju vremena uz sve vi\u0161e sun\u010danih perioda. Ipak u no\u0107i i tijekom jutra jo\u0161 \u0107e biti povremene ki\u0161e i pljuskova, a na moru i pojave neverina ali u odnosu na subotu ne o\u010dekuju se obilna oborina. Temperature zraka dodatno \u0107e se sniziti za stupanj do dva i imati dnevni hod izme\u0111u 18 i 21\u00b0C.<\/p>\n\n\n\n<div class=\"wp-block-image\"><figure class=\"aligncenter\"><img loading=\"lazy\" decoding=\"async\" width=\"1024\" height=\"768\" src=\"https:\/\/sibenik-meteo.hr\/wp-content\/uploads\/2023\/09\/prec24_042-1024x768.png\" alt=\"\" class=\"wp-image-4983\" srcset=\"https:\/\/sibenik-meteo.hr\/wp-content\/uploads\/2023\/09\/prec24_042-1024x768.png 1024w, https:\/\/sibenik-meteo.hr\/wp-content\/uploads\/2023\/09\/prec24_042-300x225.png 300w, https:\/\/sibenik-meteo.hr\/wp-content\/uploads\/2023\/09\/prec24_042-768x576.png 768w, https:\/\/sibenik-meteo.hr\/wp-content\/uploads\/2023\/09\/prec24_042.png 1050w\" sizes=\"auto, (max-width: 1024px) 100vw, 1024px\" \/><figcaption>O\u010dekivana koli\u010dina ki\u0161e prema modelu Meteoadriatic-a tijekom subote<\/figcaption><\/figure><\/div>\n\n\n\n<p><br><\/p>\n","protected":false},"excerpt":{"rendered":"<p>Frontalni sustav koji se Jadranu pribli\u017eava sa sjeverozapada kontinenta u danima vikenda donosi izra\u017eeniju promjenu&#8230;<\/p>\n","protected":false},"author":1,"featured_media":4469,"comment_status":"closed","ping_status":"open","sticky":false,"template":"","format":"standard","meta":{"_monsterinsights_skip_tracking":false,"_monsterinsights_sitenote_active":false,"_monsterinsights_sitenote_note":"","_monsterinsights_sitenote_category":0,"footnotes":""},"categories":[3],"tags":[97,137,96,457,144,76,382,340],"class_list":["post-4982","post","type-post","status-publish","format-standard","has-post-thumbnail","hentry","category-lokalno-vrijeme","tag-ekstremne-vremenske-prilike","tag-meteoalarm","tag-nevrijeme","tag-obilna-kisa","tag-prognosticki-modeli","tag-prognoza-vremena","tag-sibensko-kninska-zupanija","tag-vikend-prognoza"],"_links":{"self":[{"href":"https:\/\/sibenik-meteo.hr\/index.php\/wp-json\/wp\/v2\/posts\/4982","targetHints":{"allow":["GET"]}}],"collection":[{"href":"https:\/\/sibenik-meteo.hr\/index.php\/wp-json\/wp\/v2\/posts"}],"about":[{"href":"https:\/\/sibenik-meteo.hr\/index.php\/wp-json\/wp\/v2\/types\/post"}],"author":[{"embeddable":true,"href":"https:\/\/sibenik-meteo.hr\/index.php\/wp-json\/wp\/v2\/users\/1"}],"replies":[{"embeddable":true,"href":"https:\/\/sibenik-meteo.hr\/index.php\/wp-json\/wp\/v2\/comments?post=4982"}],"version-history":[{"count":3,"href":"https:\/\/sibenik-meteo.hr\/index.php\/wp-json\/wp\/v2\/posts\/4982\/revisions"}],"predecessor-version":[{"id":4988,"href":"https:\/\/sibenik-meteo.hr\/index.php\/wp-json\/wp\/v2\/posts\/4982\/revisions\/4988"}],"wp:featuredmedia":[{"embeddable":true,"href":"https:\/\/sibenik-meteo.hr\/index.php\/wp-json\/wp\/v2\/media\/4469"}],"wp:attachment":[{"href":"https:\/\/sibenik-meteo.hr\/index.php\/wp-json\/wp\/v2\/media?parent=4982"}],"wp:term":[{"taxonomy":"category","embeddable":true,"href":"https:\/\/sibenik-meteo.hr\/index.php\/wp-json\/wp\/v2\/categories?post=4982"},{"taxonomy":"post_tag","embeddable":true,"href":"https:\/\/sibenik-meteo.hr\/index.php\/wp-json\/wp\/v2\/tags?post=4982"}],"curies":[{"name":"wp","href":"https:\/\/api.w.org\/{rel}","templated":true}]}}