{"id":4947,"date":"2023-09-06T10:43:46","date_gmt":"2023-09-06T08:43:46","guid":{"rendered":"https:\/\/sibenik-meteo.hr\/?p=4947"},"modified":"2023-09-06T10:43:55","modified_gmt":"2023-09-06T08:43:55","slug":"klimatska-analiza-pokazala-da-je-kolovoz-bio-vrlo-kisovit","status":"publish","type":"post","link":"https:\/\/sibenik-meteo.hr\/index.php\/2023\/09\/06\/klimatska-analiza-pokazala-da-je-kolovoz-bio-vrlo-kisovit\/","title":{"rendered":"Klimatska analiza pokazala da je kolovoz bio vrlo ki\u0161ovit"},"content":{"rendered":"\n<p>Klimatolozi <a href=\"https:\/\/meteo.hr\/klima.php?section=klima_pracenje&amp;param=ocjena&amp;MjesecSezona=8&amp;Godina=2023\">DHMZ<\/a>-a napravili su klimatsku analizu mjeseca kolovoza, a obra\u0111eni podaci pokazuju znatna odstupanja od vi\u0161egodi\u0161njih prosjeka i to ponajvi\u0161e po pitanju oborina koje su osobito izda\u0161ne bile u obalnom dijelu zemlje.<\/p>\n\n\n\n<p><strong>ODSTUPANJE SREDNJE MJESE\u010cNE TEMPERATURE ZRAKA ZA KOLOVOZ 2023.<\/strong><\/p>\n\n\n\n<p>Odstupanja srednje temperature zraka u kolovozuu 2023. u odnosu na \nnormalu 1991. \u2013 2020. nalaze se u rasponu od 0,1 \u00b0C (Makarska) do 1,4 \u00b0C\n (Bilogora). Temperatura zraka bila je vi\u0161a od prosjeka na svim \npostajama.<\/p>\n\n\n\n<p>Prema raspodjeli percentila, temperaturne prilike u Hrvatskoj za kolovoz 2023. godine opisane su sljede\u0107im kategorijama: <strong>normalno<\/strong> (ve\u0107i dio Hrvatske izuzev isto\u010dne Hrvatske, \u0161ireg podru\u010dja Bilogore i Zadra, okolice Hvara i \u0161ireg dubrova\u010dkog podru\u010dja) i <strong>toplo<\/strong> (isto\u010dna Hrvatska, \u0161ire podru\u010dje Bilogore i Zadra, okolica Hvara i \u0161ire dubrova\u010dko podru\u010dje).<\/p>\n\n\n\n<div class=\"wp-block-image\"><figure class=\"aligncenter\"><img loading=\"lazy\" decoding=\"async\" width=\"1000\" height=\"1000\" src=\"https:\/\/sibenik-meteo.hr\/wp-content\/uploads\/2023\/09\/8_2023temp.png\" alt=\"\" class=\"wp-image-4948\" srcset=\"https:\/\/sibenik-meteo.hr\/wp-content\/uploads\/2023\/09\/8_2023temp.png 1000w, https:\/\/sibenik-meteo.hr\/wp-content\/uploads\/2023\/09\/8_2023temp-150x150.png 150w, https:\/\/sibenik-meteo.hr\/wp-content\/uploads\/2023\/09\/8_2023temp-300x300.png 300w, https:\/\/sibenik-meteo.hr\/wp-content\/uploads\/2023\/09\/8_2023temp-768x768.png 768w\" sizes=\"auto, (max-width: 1000px) 100vw, 1000px\" \/><\/figure><\/div>\n\n\n\n<p><strong>ODSTUPANJE KOLI\u010cINE OBORINE ZA KOLOVOZ 2023.<\/strong><\/p>\n\n\n\n<p>Odstupanja koli\u010dine oborine u kolovozu 2023. godine u odnosu na \nnormalu 1991. \u2013 2020. nalaze u rasponu od 62 % vi\u0161egodi\u0161njeg prosjeka na\n postaji Gradi\u0161te (35,4 mm), do 407 % na postaji Split-Marjan (128,9 \nmm). Analiza odstupanja koli\u010dina oborine za kolovoz 2023. izra\u017eenih u \npostotcima (%) vi\u0161egodi\u0161njeg prosjeka pokazuje da su koli\u010dine oborine na\n ve\u0107ini postaja bile iznad prosjeka.<\/p>\n\n\n\n<p>Oborinske prilike u kolovozu 2023. godine izra\u017eene percentilima detaljnije su opisane sljede\u0107im kategorijama: <strong>normalno<\/strong> ((isto\u010dna i ve\u0107i dio sredi\u0161nje Hrvatske, \u0161ire podru\u010dje Plo\u010da), <strong>ki\u0161no<\/strong>\n (okolica Bjelovara i Zagreba, manji dio sredi\u0161nje Hrvatske, znatan dio \ngorske Hrvatske, Istra, dio sjeverne Dalmacije, dio srednje Dalmacije, \nju\u017ena Dalmacija), <strong>vrlo ki\u0161no<\/strong> (dijelovi gorske Hrvatske, Kvarnera, sjeverne i srednje Dalmacije) i <strong>ekstremno ki\u0161no<\/strong> (\u0161ire rije\u010dko podru\u010dje sa zale\u0111em, okolica Malog Lo\u0161inja).  <\/p>\n\n\n\n<div class=\"wp-block-image\"><figure class=\"aligncenter\"><img loading=\"lazy\" decoding=\"async\" width=\"1000\" height=\"1000\" src=\"https:\/\/sibenik-meteo.hr\/wp-content\/uploads\/2023\/09\/8_2023oborina.png\" alt=\"\" class=\"wp-image-4949\" srcset=\"https:\/\/sibenik-meteo.hr\/wp-content\/uploads\/2023\/09\/8_2023oborina.png 1000w, https:\/\/sibenik-meteo.hr\/wp-content\/uploads\/2023\/09\/8_2023oborina-150x150.png 150w, https:\/\/sibenik-meteo.hr\/wp-content\/uploads\/2023\/09\/8_2023oborina-300x300.png 300w, https:\/\/sibenik-meteo.hr\/wp-content\/uploads\/2023\/09\/8_2023oborina-768x768.png 768w\" sizes=\"auto, (max-width: 1000px) 100vw, 1000px\" \/><\/figure><\/div>\n","protected":false},"excerpt":{"rendered":"<p>Klimatolozi DHMZ-a napravili su klimatsku analizu mjeseca kolovoza, a obra\u0111eni podaci pokazuju znatna odstupanja od&#8230;<\/p>\n","protected":false},"author":1,"featured_media":4848,"comment_status":"closed","ping_status":"open","sticky":false,"template":"","format":"standard","meta":{"_monsterinsights_skip_tracking":false,"_monsterinsights_sitenote_active":false,"_monsterinsights_sitenote_note":"","_monsterinsights_sitenote_category":0,"footnotes":""},"categories":[10],"tags":[607,50,77,55,449],"class_list":["post-4947","post","type-post","status-publish","format-standard","has-post-thumbnail","hentry","category-hrvatska","tag-607","tag-dhmz","tag-hrvatska","tag-klima","tag-kolovoz"],"_links":{"self":[{"href":"https:\/\/sibenik-meteo.hr\/index.php\/wp-json\/wp\/v2\/posts\/4947","targetHints":{"allow":["GET"]}}],"collection":[{"href":"https:\/\/sibenik-meteo.hr\/index.php\/wp-json\/wp\/v2\/posts"}],"about":[{"href":"https:\/\/sibenik-meteo.hr\/index.php\/wp-json\/wp\/v2\/types\/post"}],"author":[{"embeddable":true,"href":"https:\/\/sibenik-meteo.hr\/index.php\/wp-json\/wp\/v2\/users\/1"}],"replies":[{"embeddable":true,"href":"https:\/\/sibenik-meteo.hr\/index.php\/wp-json\/wp\/v2\/comments?post=4947"}],"version-history":[{"count":1,"href":"https:\/\/sibenik-meteo.hr\/index.php\/wp-json\/wp\/v2\/posts\/4947\/revisions"}],"predecessor-version":[{"id":4950,"href":"https:\/\/sibenik-meteo.hr\/index.php\/wp-json\/wp\/v2\/posts\/4947\/revisions\/4950"}],"wp:featuredmedia":[{"embeddable":true,"href":"https:\/\/sibenik-meteo.hr\/index.php\/wp-json\/wp\/v2\/media\/4848"}],"wp:attachment":[{"href":"https:\/\/sibenik-meteo.hr\/index.php\/wp-json\/wp\/v2\/media?parent=4947"}],"wp:term":[{"taxonomy":"category","embeddable":true,"href":"https:\/\/sibenik-meteo.hr\/index.php\/wp-json\/wp\/v2\/categories?post=4947"},{"taxonomy":"post_tag","embeddable":true,"href":"https:\/\/sibenik-meteo.hr\/index.php\/wp-json\/wp\/v2\/tags?post=4947"}],"curies":[{"name":"wp","href":"https:\/\/api.w.org\/{rel}","templated":true}]}}