{"id":4934,"date":"2023-08-29T11:13:06","date_gmt":"2023-08-29T09:13:06","guid":{"rendered":"https:\/\/sibenik-meteo.hr\/?p=4934"},"modified":"2023-08-29T11:13:31","modified_gmt":"2023-08-29T09:13:31","slug":"naredni-dani-uz-ucestale-pljuskove-i-neverine","status":"publish","type":"post","link":"https:\/\/sibenik-meteo.hr\/index.php\/2023\/08\/29\/naredni-dani-uz-ucestale-pljuskove-i-neverine\/","title":{"rendered":"Naredni dani uz u\u010destale pljuskove i neverine"},"content":{"rendered":"\n<p>Ju\u010dera\u0161nji prolaz frontalnog sustava preko Jadrana napokon je otpuhao vru\u0107ine sa ovih prostora pa se danas lak\u0161e di\u0161e. Me\u0111utim, kako se i o\u010dekivalo, lokalno je bilo izra\u017eenijeg nevremena pra\u0107enog obilnom ki\u0161om i grmljavinskim pljuskovima. Prethodne nevrijeme je zahvatilo dio Njema\u010dke, Austrije, Sloveniju i sjevernu Italiju, a zatim zapadnu obalu Istre gdje je osim obilne ki\u0161e i plime do\u0161lo i do stvaranja opasne pijavice. Ja\u010deg nevremena i lokalno obilnijih oborina bilo je i na podru\u010dju srednjeg Jadrana, dok je sjeverna Dalmacija, izuzev ne\u0161to najsjevernijeg dijela zale\u0111a, bila po\u0161te\u0111ena ja\u010deg nevremena a time i ozbiljnijih oborina.<\/p>\n\n\n\n<p>Temperature zraka na \u0161ibenskom podru\u010dju u odnosu na prije 24 sata ni\u017ee su u prosjeku izme\u0111u 5 i 12 stupnjeva, pri \u010demu je najmanje osvje\u017eenje na otocima, a najizra\u017eenije u zale\u0111u.<\/p>\n\n\n\n<p>U nastavku dana, kao i tijekom srijede i \u010detvrtka, nastaviti \u0107e se nestabilne vremenske prilike uvjetovane ciklonom iznad Italije koja se produbljuje i premje\u0161ta prema Jadranu. U takvoj sinopti\u010dkoj situaciji uz \u010destu izmjenu sun\u010danih i obla\u010dnih perioda lokalno \u0107e biti pljuskova i neverina pa se preporu\u0107a pra\u0107enje vremenskih prognoza i napose <a href=\"https:\/\/sibenik-meteo.hr\/index.php\/radar\/\">radarskih odraza<\/a>. <\/p>\n\n\n\n<p>Vjetar \u0107e zbog pomicanja ciklone ali i \u010destih lokalnih neverina imati promjenjive smjerove. Nakon dana\u0161njeg umjerenog, a na moru i jakog o\u0161trog i jugozapadnjaka, povremeno i zapadnjaka, vjetar \u0107e u narednim danima malo oslabiti i samo povremeno biti umjereno poja\u010dan.<\/p>\n\n\n\n<p>Temperature zraka u odnosu na prethodne dane dosta ugodnije, od 20 do 25\u00b0C.<\/p>\n\n\n\n<div class=\"wp-block-image\"><figure class=\"aligncenter\"><img loading=\"lazy\" decoding=\"async\" width=\"720\" height=\"720\" src=\"https:\/\/sibenik-meteo.hr\/wp-content\/uploads\/2023\/08\/web_fronte_sutra12-1.jpg\" alt=\"\" class=\"wp-image-4935\" srcset=\"https:\/\/sibenik-meteo.hr\/wp-content\/uploads\/2023\/08\/web_fronte_sutra12-1.jpg 720w, https:\/\/sibenik-meteo.hr\/wp-content\/uploads\/2023\/08\/web_fronte_sutra12-1-150x150.jpg 150w, https:\/\/sibenik-meteo.hr\/wp-content\/uploads\/2023\/08\/web_fronte_sutra12-1-300x300.jpg 300w\" sizes=\"auto, (max-width: 720px) 100vw, 720px\" \/><figcaption>Sinopti\u010dka situacija, izvor: DHMZ<\/figcaption><\/figure><\/div>\n","protected":false},"excerpt":{"rendered":"<p>Ju\u010dera\u0161nji prolaz frontalnog sustava preko Jadrana napokon je otpuhao vru\u0107ine sa ovih prostora pa se&#8230;<\/p>\n","protected":false},"author":1,"featured_media":3429,"comment_status":"closed","ping_status":"open","sticky":false,"template":"","format":"standard","meta":{"_monsterinsights_skip_tracking":false,"_monsterinsights_sitenote_active":false,"_monsterinsights_sitenote_note":"","_monsterinsights_sitenote_category":0,"footnotes":""},"categories":[10],"tags":[16,77,49,547,76,382,143],"class_list":["post-4934","post","type-post","status-publish","format-standard","has-post-thumbnail","hentry","category-hrvatska","tag-dalmacija","tag-hrvatska","tag-jadran","tag-nestabilne-vremenske-prilike","tag-prognoza-vremena","tag-sibensko-kninska-zupanija","tag-tjedna-prognoza"],"_links":{"self":[{"href":"https:\/\/sibenik-meteo.hr\/index.php\/wp-json\/wp\/v2\/posts\/4934","targetHints":{"allow":["GET"]}}],"collection":[{"href":"https:\/\/sibenik-meteo.hr\/index.php\/wp-json\/wp\/v2\/posts"}],"about":[{"href":"https:\/\/sibenik-meteo.hr\/index.php\/wp-json\/wp\/v2\/types\/post"}],"author":[{"embeddable":true,"href":"https:\/\/sibenik-meteo.hr\/index.php\/wp-json\/wp\/v2\/users\/1"}],"replies":[{"embeddable":true,"href":"https:\/\/sibenik-meteo.hr\/index.php\/wp-json\/wp\/v2\/comments?post=4934"}],"version-history":[{"count":1,"href":"https:\/\/sibenik-meteo.hr\/index.php\/wp-json\/wp\/v2\/posts\/4934\/revisions"}],"predecessor-version":[{"id":4936,"href":"https:\/\/sibenik-meteo.hr\/index.php\/wp-json\/wp\/v2\/posts\/4934\/revisions\/4936"}],"wp:featuredmedia":[{"embeddable":true,"href":"https:\/\/sibenik-meteo.hr\/index.php\/wp-json\/wp\/v2\/media\/3429"}],"wp:attachment":[{"href":"https:\/\/sibenik-meteo.hr\/index.php\/wp-json\/wp\/v2\/media?parent=4934"}],"wp:term":[{"taxonomy":"category","embeddable":true,"href":"https:\/\/sibenik-meteo.hr\/index.php\/wp-json\/wp\/v2\/categories?post=4934"},{"taxonomy":"post_tag","embeddable":true,"href":"https:\/\/sibenik-meteo.hr\/index.php\/wp-json\/wp\/v2\/tags?post=4934"}],"curies":[{"name":"wp","href":"https:\/\/api.w.org\/{rel}","templated":true}]}}