{"id":4846,"date":"2023-08-05T10:07:12","date_gmt":"2023-08-05T08:07:12","guid":{"rendered":"https:\/\/sibenik-meteo.hr\/?p=4846"},"modified":"2023-08-05T10:15:21","modified_gmt":"2023-08-05T08:15:21","slug":"promjena-stigla-i-u-dalmaciju-u-drnisu-palo-preko-100-litara-kise","status":"publish","type":"post","link":"https:\/\/sibenik-meteo.hr\/index.php\/2023\/08\/05\/promjena-stigla-i-u-dalmaciju-u-drnisu-palo-preko-100-litara-kise\/","title":{"rendered":"Promjena stigla i u Dalmaciju: U Drni\u0161u palo preko 100 litara ki\u0161e"},"content":{"rendered":"\n<p>Ciklona i frontalni poreme\u0107aj nakon \u0161to su prethodno zahvatili sjeverni Jadran i kontinentalni dio zemlje gdje je ju\u010der ve\u0107 u prvom dijelu dana lokalno bilo jakog nevremena i obilnih oborina sino\u0107 je zahvatila i jug zemlje.<\/p>\n\n\n\n<p>\u0160ire \u0161ibensko podru\u010dje nevrijeme je zahvatilo iza 23h i to prvo vanjske otoke i krajnji zapad, a zatim i ostatak \u0160ibensko-kninske \u017eupanije. Nakon prvog vala koji je o\u010dekivano bio najja\u010di tijekom no\u0107i nastavili su se pljuskovi, a iza 7h uslijedio je i novi neverin.<\/p>\n\n\n\n<p>Prema mjerenjima automatskih meteorolo\u0161kih postaja za doba godine pale su impresivne koli\u010dine ki\u0161e koje se ovisno o lokaciji kre\u0107u izme\u0111u 25 do 100 litara ki\u0161e koliko je u 9h izmjereno u Drni\u0161u. \u0160ire gradsko podru\u010dje \u0160ibenika u sklopu pogor\u0161anja ima akumulaciju od 40 do 60 litara, zapadni dio \u0160ibensko-kninske \u017eupanije izme\u0111u 25 u Pirovcu do 64 litre u Vodicama, jug od 36 do 55, a otoci od 50 do 65 litara po metru \u010detvornome.<\/p>\n\n\n\n<p>Kninsko podru\u010dje, gdje je danas glavna proslava Dana pobjede i domovinske zahvalnosti te Dana Hrvatskih branitelja tako\u0111er se na\u0161lo na udaru nevremena kako sino\u0107 tako i jutros. Prema mjerenju meteo postaje malo prije 10h akumulacija oborine u sklopu pogor\u0161anja iznosi 80 litara.<\/p>\n\n\n\n<p>Temperature zraka u odnosu na prethodna 24h ni\u017ee su u prosjeku izme\u0111u 5 i 12 stupnjeva, pri \u010demu je najmanja razlika na jugu, a najizra\u017eeniji pad u dijelu zale\u0111a, odnosno na drni\u0161kom podru\u010dju. Jutros je tako najhladnije u Drni\u0161u gdje se temperatura zraka spustila na svega 17\u00b0C, a najtoplije je na jugu i to u Rogoznici sa 23, odnosno na Punta Planki sa 24\u00b0C.<\/p>\n\n\n\n<p>Umjereno do prete\u017eno obla\u010dno vrijeme uz mjestimi\u010dnu ki\u0161u i pljuskove s  grmljavinom prevadavati \u0107e u prvom dijelu dana, a lokalno je mogu\u0107e i grmljavinsko nevrijeme. Sredinom dana  i poslijepodne na Jadranu i predjelima uz njega sve \u010de\u0161\u0107a sun\u010dana razdoblja, no i dalje je ponegdje mogu\u0107a ki\u0161a i pljuskovi.  Uz umjeren, na moru i umjereno jak sjeverozapadnjak, najvi\u0161a dnevna temperatura zraka izme\u0111u 24 i 28\u00b0C.<br><\/p>\n","protected":false},"excerpt":{"rendered":"<p>Ciklona i frontalni poreme\u0107aj nakon \u0161to su prethodno zahvatili sjeverni Jadran i kontinentalni dio zemlje&#8230;<\/p>\n","protected":false},"author":1,"featured_media":4848,"comment_status":"closed","ping_status":"open","sticky":false,"template":"","format":"standard","meta":{"_monsterinsights_skip_tracking":false,"_monsterinsights_sitenote_active":false,"_monsterinsights_sitenote_note":"","_monsterinsights_sitenote_category":0,"footnotes":""},"categories":[3],"tags":[16,222,96,457,76,382],"class_list":["post-4846","post","type-post","status-publish","format-standard","has-post-thumbnail","hentry","category-lokalno-vrijeme","tag-dalmacija","tag-lokalna-prognoza","tag-nevrijeme","tag-obilna-kisa","tag-prognoza-vremena","tag-sibensko-kninska-zupanija"],"_links":{"self":[{"href":"https:\/\/sibenik-meteo.hr\/index.php\/wp-json\/wp\/v2\/posts\/4846","targetHints":{"allow":["GET"]}}],"collection":[{"href":"https:\/\/sibenik-meteo.hr\/index.php\/wp-json\/wp\/v2\/posts"}],"about":[{"href":"https:\/\/sibenik-meteo.hr\/index.php\/wp-json\/wp\/v2\/types\/post"}],"author":[{"embeddable":true,"href":"https:\/\/sibenik-meteo.hr\/index.php\/wp-json\/wp\/v2\/users\/1"}],"replies":[{"embeddable":true,"href":"https:\/\/sibenik-meteo.hr\/index.php\/wp-json\/wp\/v2\/comments?post=4846"}],"version-history":[{"count":2,"href":"https:\/\/sibenik-meteo.hr\/index.php\/wp-json\/wp\/v2\/posts\/4846\/revisions"}],"predecessor-version":[{"id":4849,"href":"https:\/\/sibenik-meteo.hr\/index.php\/wp-json\/wp\/v2\/posts\/4846\/revisions\/4849"}],"wp:featuredmedia":[{"embeddable":true,"href":"https:\/\/sibenik-meteo.hr\/index.php\/wp-json\/wp\/v2\/media\/4848"}],"wp:attachment":[{"href":"https:\/\/sibenik-meteo.hr\/index.php\/wp-json\/wp\/v2\/media?parent=4846"}],"wp:term":[{"taxonomy":"category","embeddable":true,"href":"https:\/\/sibenik-meteo.hr\/index.php\/wp-json\/wp\/v2\/categories?post=4846"},{"taxonomy":"post_tag","embeddable":true,"href":"https:\/\/sibenik-meteo.hr\/index.php\/wp-json\/wp\/v2\/tags?post=4846"}],"curies":[{"name":"wp","href":"https:\/\/api.w.org\/{rel}","templated":true}]}}