{"id":4821,"date":"2023-07-26T10:43:33","date_gmt":"2023-07-26T08:43:33","guid":{"rendered":"https:\/\/sibenik-meteo.hr\/?p=4821"},"modified":"2023-07-26T10:43:39","modified_gmt":"2023-07-26T08:43:39","slug":"u-italiji-tuca-promjera-16cm","status":"publish","type":"post","link":"https:\/\/sibenik-meteo.hr\/index.php\/2023\/07\/26\/u-italiji-tuca-promjera-16cm\/","title":{"rendered":"U Italiji tu\u010da promjera 16cm"},"content":{"rendered":"\n<p>Prema podacima Europskog laboratorija za jake oluje (ESSL), u Italiji je  19.07. zabilje\u017eena tu\u010da promjera 16 cm, \u0161to je prema njihovim  informacijama novi europski rekord., prenosi <a href=\"https:\/\/www.istramet.hr\/vijesti\/zabiljezen-novi-europski-rekord-u-blizini-istre-tuca-promjera-16-cm\/\">Istramet<\/a>.<\/p>\n\n\n\n<p>Takozvana divovska tu\u010da (promjer &gt;10 cm) zabilje\u017eena je 2 puta u \nHrvatskoj i 22 puta u Italiji, uglavnom u okolici Padove i zale\u0111u \nVenecije.<\/p>\n\n\n\n<p>U Hrvatskoj je najve\u0107a tu\u010da zabilje\u017eena u Ribniku, a imala je promjer\n 13 cm, dok je u Italiji kod mjesta Carmignano di Brenta primjer tu\u010de \niznosio nevjerojatnih 16 cm.<\/p>\n","protected":false},"excerpt":{"rendered":"<p>Prema podacima Europskog laboratorija za jake oluje (ESSL), u Italiji je 19.07. zabilje\u017eena tu\u010da promjera&#8230;<\/p>\n","protected":false},"author":1,"featured_media":4822,"comment_status":"closed","ping_status":"open","sticky":false,"template":"","format":"standard","meta":{"_monsterinsights_skip_tracking":false,"_monsterinsights_sitenote_active":false,"_monsterinsights_sitenote_note":"","_monsterinsights_sitenote_category":0,"footnotes":""},"categories":[11],"tags":[97,133,95],"class_list":["post-4821","post","type-post","status-publish","format-standard","has-post-thumbnail","hentry","category-europa","tag-ekstremne-vremenske-prilike","tag-italija","tag-tuca"],"_links":{"self":[{"href":"https:\/\/sibenik-meteo.hr\/index.php\/wp-json\/wp\/v2\/posts\/4821","targetHints":{"allow":["GET"]}}],"collection":[{"href":"https:\/\/sibenik-meteo.hr\/index.php\/wp-json\/wp\/v2\/posts"}],"about":[{"href":"https:\/\/sibenik-meteo.hr\/index.php\/wp-json\/wp\/v2\/types\/post"}],"author":[{"embeddable":true,"href":"https:\/\/sibenik-meteo.hr\/index.php\/wp-json\/wp\/v2\/users\/1"}],"replies":[{"embeddable":true,"href":"https:\/\/sibenik-meteo.hr\/index.php\/wp-json\/wp\/v2\/comments?post=4821"}],"version-history":[{"count":1,"href":"https:\/\/sibenik-meteo.hr\/index.php\/wp-json\/wp\/v2\/posts\/4821\/revisions"}],"predecessor-version":[{"id":4823,"href":"https:\/\/sibenik-meteo.hr\/index.php\/wp-json\/wp\/v2\/posts\/4821\/revisions\/4823"}],"wp:featuredmedia":[{"embeddable":true,"href":"https:\/\/sibenik-meteo.hr\/index.php\/wp-json\/wp\/v2\/media\/4822"}],"wp:attachment":[{"href":"https:\/\/sibenik-meteo.hr\/index.php\/wp-json\/wp\/v2\/media?parent=4821"}],"wp:term":[{"taxonomy":"category","embeddable":true,"href":"https:\/\/sibenik-meteo.hr\/index.php\/wp-json\/wp\/v2\/categories?post=4821"},{"taxonomy":"post_tag","embeddable":true,"href":"https:\/\/sibenik-meteo.hr\/index.php\/wp-json\/wp\/v2\/tags?post=4821"}],"curies":[{"name":"wp","href":"https:\/\/api.w.org\/{rel}","templated":true}]}}