{"id":4707,"date":"2023-07-01T10:17:55","date_gmt":"2023-07-01T08:17:55","guid":{"rendered":"https:\/\/sibenik-meteo.hr\/?p=4707"},"modified":"2023-07-01T10:23:14","modified_gmt":"2023-07-01T08:23:14","slug":"nevrijeme-i-obilna-kisa-pogodilo-dolinu-neretve","status":"publish","type":"post","link":"https:\/\/sibenik-meteo.hr\/index.php\/2023\/07\/01\/nevrijeme-i-obilna-kisa-pogodilo-dolinu-neretve\/","title":{"rendered":"Nevrijeme i obilna ki\u0161a pogodilo dolinu Neretve"},"content":{"rendered":"\n<p>Jako grmljavinsko nevrijeme pra\u0107eno obilnim i intezivnim pljuskovima ovog jutra pogodilo je ju\u017eni dio zemlje.<\/p>\n\n\n\n<p>Oborine su prema mjerenjima automatskih postaja najobilnije na podru\u010dju doline Neretve i oko 10h opasno su se pribli\u017eile vrijednosti od 100 litara koliko se mjeri u Kominu.<\/p>\n\n\n\n<div class=\"wp-block-image\"><figure class=\"aligncenter\"><img loading=\"lazy\" decoding=\"async\" width=\"1024\" height=\"680\" src=\"https:\/\/sibenik-meteo.hr\/wp-content\/uploads\/2023\/07\/nevrijeme_jug-1024x680.jpg\" alt=\"\" class=\"wp-image-4708\" srcset=\"https:\/\/sibenik-meteo.hr\/wp-content\/uploads\/2023\/07\/nevrijeme_jug-1024x680.jpg 1024w, https:\/\/sibenik-meteo.hr\/wp-content\/uploads\/2023\/07\/nevrijeme_jug-300x199.jpg 300w, https:\/\/sibenik-meteo.hr\/wp-content\/uploads\/2023\/07\/nevrijeme_jug-768x510.jpg 768w, https:\/\/sibenik-meteo.hr\/wp-content\/uploads\/2023\/07\/nevrijeme_jug.jpg 1038w\" sizes=\"auto, (max-width: 1024px) 100vw, 1024px\" \/><figcaption>Intezivna grmljavina na jugu, izvor: Windy<\/figcaption><\/figure><\/div>\n\n\n\n<p>Meteo postaja u Plo\u010dama u isto vrijeme izmjerila je 81 litru, a u Neumu 85 litara ki\u0161e po metru \u010detvornome. Kako javlja na\u0161 \u010dlan iz Plo\u010da nevrijeme je zapo\u010delo oko 6h ujutro i od tada se neprestano obnavlja nad tim podru\u010djem.<\/p>\n\n\n\n<div class=\"wp-block-image\"><figure class=\"aligncenter\"><img loading=\"lazy\" decoding=\"async\" width=\"552\" height=\"424\" src=\"https:\/\/sibenik-meteo.hr\/wp-content\/uploads\/2023\/07\/Screenshot-2023-07-01-at-10-21-13-CROMETEO-FORUM-Pogledaj-temu-1.-10.7.2023.png\" alt=\"\" class=\"wp-image-4711\" srcset=\"https:\/\/sibenik-meteo.hr\/wp-content\/uploads\/2023\/07\/Screenshot-2023-07-01-at-10-21-13-CROMETEO-FORUM-Pogledaj-temu-1.-10.7.2023.png 552w, https:\/\/sibenik-meteo.hr\/wp-content\/uploads\/2023\/07\/Screenshot-2023-07-01-at-10-21-13-CROMETEO-FORUM-Pogledaj-temu-1.-10.7.2023-300x230.png 300w\" sizes=\"auto, (max-width: 552px) 100vw, 552px\" \/><figcaption>Radarski odraz oborina, izvor: DHMZ<\/figcaption><\/figure><\/div>\n\n\n\n<p>Danas na Jadranu i u zaobalju mogu\u0107e su lokalno obilnije oborine i pojava buji\u010dnih poplava, osobito na jugu. <\/p>\n\n\n\n<p>Ravnateljstvo civilne za\u0161tite&nbsp;objavilo je na Twitteru da su \nprognosti\u010dari izdali naran\u010dasto upozorenje na grmljavinsko nevrijeme za \n1. srpnja. Izra\u017eeni pljuskovi s grmljavinom i mjestimice obilnom \noborinom predvi\u0111eni su u splitskoj, kninskoj i dubrova\u010dkoj regiji.<\/p>\n\n\n\n<figure class=\"wp-block-embed-twitter aligncenter wp-block-embed is-type-rich is-provider-twitter\"><div class=\"wp-block-embed__wrapper\">\n<blockquote class=\"twitter-tweet\" data-width=\"550\" data-dnt=\"true\"><p lang=\"und\" dir=\"ltr\">\ud83d\udfe0 Prognosti\u010dari <a href=\"https:\/\/twitter.com\/DHMZ_HR?ref_src=twsrc%5Etfw\">@DHMZ_HR<\/a> izdali su naran\u010dasto upozorenje na grmljavinsko nevrijeme za sutra, 1. srpnja <br>\u26c8 izra\u017eeni pljuskovi s grmljavinom i mjestimice obilnom oborinom u regijama Split, Knin i Dubrovnik \u27a1\ufe0f <a href=\"https:\/\/t.co\/ZZDXiEUvyq\">https:\/\/t.co\/ZZDXiEUvyq<\/a> <a href=\"https:\/\/t.co\/Ua8yQBGJi2\">pic.twitter.com\/Ua8yQBGJi2<\/a><\/p>&mdash; Ravnateljstvo civilne za\u0161tite MUP-RH (@RavnateljstvoCZ) <a href=\"https:\/\/twitter.com\/RavnateljstvoCZ\/status\/1674681986701484034?ref_src=twsrc%5Etfw\">June 30, 2023<\/a><\/blockquote><script async src=\"https:\/\/platform.twitter.com\/widgets.js\" charset=\"utf-8\"><\/script>\n<\/div><\/figure>\n\n\n\n<p><\/p>\n","protected":false},"excerpt":{"rendered":"<p>Jako grmljavinsko nevrijeme pra\u0107eno obilnim i intezivnim pljuskovima ovog jutra pogodilo je ju\u017eni dio zemlje&#8230;.<\/p>\n","protected":false},"author":1,"featured_media":4709,"comment_status":"closed","ping_status":"open","sticky":false,"template":"","format":"standard","meta":{"_monsterinsights_skip_tracking":false,"_monsterinsights_sitenote_active":false,"_monsterinsights_sitenote_note":"","_monsterinsights_sitenote_category":0,"footnotes":""},"categories":[10],"tags":[358,480,246,592,593,96,457,42,452],"class_list":["post-4707","post","type-post","status-publish","format-standard","has-post-thumbnail","hentry","category-hrvatska","tag-grmljavinsko-nevrijeme","tag-jug","tag-nepogoda","tag-neretva","tag-neum","tag-nevrijeme","tag-obilna-kisa","tag-opasno-vrijeme","tag-ploce"],"_links":{"self":[{"href":"https:\/\/sibenik-meteo.hr\/index.php\/wp-json\/wp\/v2\/posts\/4707","targetHints":{"allow":["GET"]}}],"collection":[{"href":"https:\/\/sibenik-meteo.hr\/index.php\/wp-json\/wp\/v2\/posts"}],"about":[{"href":"https:\/\/sibenik-meteo.hr\/index.php\/wp-json\/wp\/v2\/types\/post"}],"author":[{"embeddable":true,"href":"https:\/\/sibenik-meteo.hr\/index.php\/wp-json\/wp\/v2\/users\/1"}],"replies":[{"embeddable":true,"href":"https:\/\/sibenik-meteo.hr\/index.php\/wp-json\/wp\/v2\/comments?post=4707"}],"version-history":[{"count":2,"href":"https:\/\/sibenik-meteo.hr\/index.php\/wp-json\/wp\/v2\/posts\/4707\/revisions"}],"predecessor-version":[{"id":4712,"href":"https:\/\/sibenik-meteo.hr\/index.php\/wp-json\/wp\/v2\/posts\/4707\/revisions\/4712"}],"wp:featuredmedia":[{"embeddable":true,"href":"https:\/\/sibenik-meteo.hr\/index.php\/wp-json\/wp\/v2\/media\/4709"}],"wp:attachment":[{"href":"https:\/\/sibenik-meteo.hr\/index.php\/wp-json\/wp\/v2\/media?parent=4707"}],"wp:term":[{"taxonomy":"category","embeddable":true,"href":"https:\/\/sibenik-meteo.hr\/index.php\/wp-json\/wp\/v2\/categories?post=4707"},{"taxonomy":"post_tag","embeddable":true,"href":"https:\/\/sibenik-meteo.hr\/index.php\/wp-json\/wp\/v2\/tags?post=4707"}],"curies":[{"name":"wp","href":"https:\/\/api.w.org\/{rel}","templated":true}]}}