{"id":4639,"date":"2023-06-17T10:29:26","date_gmt":"2023-06-17T08:29:26","guid":{"rendered":"https:\/\/sibenik-meteo.hr\/?p=4639"},"modified":"2023-06-17T10:29:27","modified_gmt":"2023-06-17T08:29:27","slug":"tanja-renko-napokon-stize-ljeto","status":"publish","type":"post","link":"https:\/\/sibenik-meteo.hr\/index.php\/2023\/06\/17\/tanja-renko-napokon-stize-ljeto\/","title":{"rendered":"Tanja Renko: Napokon sti\u017ee ljeto!"},"content":{"rendered":"\n<p>Vremenske prilike u Hrvatskoj uskoro \u0107e sli\u010diti sve vi\u0161e na ljeto, prognozirala meteorologinja dr. sc. Tanja Renko iz DHMZ-a za <a rel=\"noreferrer noopener\" href=\"https:\/\/vrijeme-i-promet.hrt.hr\/vrijeme\/vremenska-prognoza-za-16-6-2023-10843454\" target=\"_blank\">HTV<\/a>.<\/p>\n\n\n\n<p>Vikend i po\u010detak idu\u0107ega tjedna na Jadranu \u0107e biti sun\u010dani, \u0161tovi\u0161e \u010desto i  sasvim vedri. Bura i sjeverni vjetar \u0107e slabjeti, a temperatura zraka biti u porastu. I u unutra\u0161njosti tijekom vikenda te narednog tjedna ranoljetno vrijeme uz puno sun\u010danih sati te ove godine prve vru\u0107e dane,  prognozirala je dr. sc. Tanja Renko iz DHMZ-a. <\/p>\n\n\n\n<div class=\"wp-block-image\"><figure class=\"aligncenter\"><img loading=\"lazy\" decoding=\"async\" width=\"1024\" height=\"674\" src=\"https:\/\/sibenik-meteo.hr\/wp-content\/uploads\/2023\/05\/95982FE0-834D-480F-B229-21329035C5DE-1024x674.jpeg\" alt=\"\" class=\"wp-image-4415\" srcset=\"https:\/\/sibenik-meteo.hr\/wp-content\/uploads\/2023\/05\/95982FE0-834D-480F-B229-21329035C5DE-1024x674.jpeg 1024w, https:\/\/sibenik-meteo.hr\/wp-content\/uploads\/2023\/05\/95982FE0-834D-480F-B229-21329035C5DE-300x198.jpeg 300w, https:\/\/sibenik-meteo.hr\/wp-content\/uploads\/2023\/05\/95982FE0-834D-480F-B229-21329035C5DE-768x506.jpeg 768w, https:\/\/sibenik-meteo.hr\/wp-content\/uploads\/2023\/05\/95982FE0-834D-480F-B229-21329035C5DE.jpeg 1233w\" sizes=\"auto, (max-width: 1024px) 100vw, 1024px\" \/><figcaption>Foto: Ivica Grbelja<\/figcaption><\/figure><\/div>\n","protected":false},"excerpt":{"rendered":"<p>Vremenske prilike u Hrvatskoj uskoro \u0107e sli\u010diti sve vi\u0161e na ljeto, prognozirala meteorologinja dr. sc&#8230;.<\/p>\n","protected":false},"author":1,"featured_media":2977,"comment_status":"closed","ping_status":"open","sticky":false,"template":"","format":"standard","meta":{"_monsterinsights_skip_tracking":false,"_monsterinsights_sitenote_active":false,"_monsterinsights_sitenote_note":"","_monsterinsights_sitenote_category":0,"footnotes":""},"categories":[10],"tags":[16,50,77,49,362,76,583],"class_list":["post-4639","post","type-post","status-publish","format-standard","has-post-thumbnail","hentry","category-hrvatska","tag-dalmacija","tag-dhmz","tag-hrvatska","tag-jadran","tag-ljeto","tag-prognoza-vremena","tag-tanja-renko"],"_links":{"self":[{"href":"https:\/\/sibenik-meteo.hr\/index.php\/wp-json\/wp\/v2\/posts\/4639","targetHints":{"allow":["GET"]}}],"collection":[{"href":"https:\/\/sibenik-meteo.hr\/index.php\/wp-json\/wp\/v2\/posts"}],"about":[{"href":"https:\/\/sibenik-meteo.hr\/index.php\/wp-json\/wp\/v2\/types\/post"}],"author":[{"embeddable":true,"href":"https:\/\/sibenik-meteo.hr\/index.php\/wp-json\/wp\/v2\/users\/1"}],"replies":[{"embeddable":true,"href":"https:\/\/sibenik-meteo.hr\/index.php\/wp-json\/wp\/v2\/comments?post=4639"}],"version-history":[{"count":1,"href":"https:\/\/sibenik-meteo.hr\/index.php\/wp-json\/wp\/v2\/posts\/4639\/revisions"}],"predecessor-version":[{"id":4640,"href":"https:\/\/sibenik-meteo.hr\/index.php\/wp-json\/wp\/v2\/posts\/4639\/revisions\/4640"}],"wp:featuredmedia":[{"embeddable":true,"href":"https:\/\/sibenik-meteo.hr\/index.php\/wp-json\/wp\/v2\/media\/2977"}],"wp:attachment":[{"href":"https:\/\/sibenik-meteo.hr\/index.php\/wp-json\/wp\/v2\/media?parent=4639"}],"wp:term":[{"taxonomy":"category","embeddable":true,"href":"https:\/\/sibenik-meteo.hr\/index.php\/wp-json\/wp\/v2\/categories?post=4639"},{"taxonomy":"post_tag","embeddable":true,"href":"https:\/\/sibenik-meteo.hr\/index.php\/wp-json\/wp\/v2\/tags?post=4639"}],"curies":[{"name":"wp","href":"https:\/\/api.w.org\/{rel}","templated":true}]}}