{"id":4540,"date":"2023-05-23T10:13:13","date_gmt":"2023-05-23T08:13:13","guid":{"rendered":"https:\/\/sibenik-meteo.hr\/?p=4540"},"modified":"2023-05-23T10:16:13","modified_gmt":"2023-05-23T08:16:13","slug":"video-advekcijska-magla-na-moru","status":"publish","type":"post","link":"https:\/\/sibenik-meteo.hr\/index.php\/2023\/05\/23\/video-advekcijska-magla-na-moru\/","title":{"rendered":"Video: Advekcijska magla na moru"},"content":{"rendered":"\n<p>Topao i vla\u017ean zrak koji struji iznad hladnije morske povr\u0161ine, obi\u010dno u toplijem dijelu godine, hladi se u dodirom s njom, a ako se ohladi ispod temperature  rosi\u0161ta, dolazi do kondenzacije i pojave magle. Na pojavu sumaglice i magle upozorava ovih dana i PMC Split, a vi\u0161ak vlage uz more mo\u017ee se osjetiti i po ne\u0161to ni\u017eem o\u010ditavanju UV indexa uz obalnu crtu.<\/p>\n\n\n\n<p>Smaglice i magle na moru rano jutros je bilo i u \u0161ibenskom akvatoriju, a kako je to izgledalo na Punti Planki pogledajte u videu.<br><\/p>\n\n\n\n<figure class=\"wp-block-video aligncenter\"><video height=\"480\" style=\"aspect-ratio: 272 \/ 480;\" width=\"272\" controls src=\"https:\/\/sibenik-meteo.hr\/wp-content\/uploads\/2023\/05\/trim.118DF1EF-BB51-4CBA-8589-6C491C8C8EF3.mov\"><\/video><\/figure>\n","protected":false},"excerpt":{"rendered":"<p>Topao i vla\u017ean zrak koji struji iznad hladnije morske povr\u0161ine, obi\u010dno u toplijem dijelu godine,&#8230;<\/p>\n","protected":false},"author":1,"featured_media":4542,"comment_status":"closed","ping_status":"open","sticky":false,"template":"","format":"standard","meta":{"_monsterinsights_skip_tracking":false,"_monsterinsights_sitenote_active":false,"_monsterinsights_sitenote_note":"","_monsterinsights_sitenote_category":0,"footnotes":""},"categories":[10],"tags":[49,68,70,61],"class_list":["post-4540","post","type-post","status-publish","format-standard","has-post-thumbnail","hentry","category-hrvatska","tag-jadran","tag-magla","tag-more","tag-sibenik"],"_links":{"self":[{"href":"https:\/\/sibenik-meteo.hr\/index.php\/wp-json\/wp\/v2\/posts\/4540","targetHints":{"allow":["GET"]}}],"collection":[{"href":"https:\/\/sibenik-meteo.hr\/index.php\/wp-json\/wp\/v2\/posts"}],"about":[{"href":"https:\/\/sibenik-meteo.hr\/index.php\/wp-json\/wp\/v2\/types\/post"}],"author":[{"embeddable":true,"href":"https:\/\/sibenik-meteo.hr\/index.php\/wp-json\/wp\/v2\/users\/1"}],"replies":[{"embeddable":true,"href":"https:\/\/sibenik-meteo.hr\/index.php\/wp-json\/wp\/v2\/comments?post=4540"}],"version-history":[{"count":2,"href":"https:\/\/sibenik-meteo.hr\/index.php\/wp-json\/wp\/v2\/posts\/4540\/revisions"}],"predecessor-version":[{"id":4544,"href":"https:\/\/sibenik-meteo.hr\/index.php\/wp-json\/wp\/v2\/posts\/4540\/revisions\/4544"}],"wp:featuredmedia":[{"embeddable":true,"href":"https:\/\/sibenik-meteo.hr\/index.php\/wp-json\/wp\/v2\/media\/4542"}],"wp:attachment":[{"href":"https:\/\/sibenik-meteo.hr\/index.php\/wp-json\/wp\/v2\/media?parent=4540"}],"wp:term":[{"taxonomy":"category","embeddable":true,"href":"https:\/\/sibenik-meteo.hr\/index.php\/wp-json\/wp\/v2\/categories?post=4540"},{"taxonomy":"post_tag","embeddable":true,"href":"https:\/\/sibenik-meteo.hr\/index.php\/wp-json\/wp\/v2\/tags?post=4540"}],"curies":[{"name":"wp","href":"https:\/\/api.w.org\/{rel}","templated":true}]}}