{"id":4491,"date":"2023-05-17T09:52:08","date_gmt":"2023-05-17T07:52:08","guid":{"rendered":"https:\/\/sibenik-meteo.hr\/?p=4491"},"modified":"2023-05-17T10:32:40","modified_gmt":"2023-05-17T08:32:40","slug":"obilne-kise-uzrokovale-brojne-probleme-i-u-sibensko-kninskoj-zupaniji","status":"publish","type":"post","link":"https:\/\/sibenik-meteo.hr\/index.php\/2023\/05\/17\/obilne-kise-uzrokovale-brojne-probleme-i-u-sibensko-kninskoj-zupaniji\/","title":{"rendered":"Obilne ki\u0161e uzrokovale brojne probleme i u \u0160ibensko-kninskoj \u017eupaniji"},"content":{"rendered":"\n<p>U \u0160ibensko-kninskoj \u017eupaniji  buji\u010dne vode zaprijetile su ku\u0107ama u Bribiru. Povodanj je zaustavljen  brzom intervencijom Grada Skradina koji je pravovremeno anga\u017eirao  gra\u0111evinske strojeve koji su prokopali kanal i preusmjerili bujicu.  Situacija je pod kontrolom, ali gra\u0111evinska mehanizacija je jo\u0161 uvijek u  pripravnosti zbog najave novih obilnih padalina. Buji\u010dne vode pojavila  su se i na podru\u010dju Grada Vodica iu Grada Knina, a u op\u0107ini Biskupija na  nekim se mjestima izlila rijeka Kosov\u010dica i poplavila podrume okolnih  ku\u0107a.  <\/p>\n\n\n\n<p> Ju\u010der u 18:00 sati aktiviran je Sto\u017eer civilne za\u0161tite op\u0107ine Kistanje zbog  izbijanja podzemnih voda koje su izazvale plavljenje. Najugro\u017eenije je  naselje Torbice i cesta od Macura prema Nuni\u0107u. Zbog podizanja razine  vode na \u017dC 6026 u mjestu Torbice, radnim strojem prokopan je kanal kako  bi voda otjecala s ceste u polje.Tako\u0111er se postavljaju vre\u0107e s pijeskom  oko ku\u0107a u Torbicama i ispumpava se voda iz dvori\u0161ta dviju poplavljenih  ku\u0107a, stoji u priop\u010denju Ravnateljstva civilne za\u0161tite.<\/p>\n\n\n\n<div class=\"wp-block-image\"><figure class=\"aligncenter\"><img loading=\"lazy\" decoding=\"async\" width=\"768\" height=\"432\" src=\"https:\/\/sibenik-meteo.hr\/wp-content\/uploads\/2023\/05\/krka.png\" alt=\"\" class=\"wp-image-4493\" srcset=\"https:\/\/sibenik-meteo.hr\/wp-content\/uploads\/2023\/05\/krka.png 768w, https:\/\/sibenik-meteo.hr\/wp-content\/uploads\/2023\/05\/krka-300x169.png 300w\" sizes=\"auto, (max-width: 768px) 100vw, 768px\" \/><figcaption>Foto: NP Krka<\/figcaption><\/figure><\/div>\n\n\n\n<p>Javna  ustanova \u201eNacionalni park Krka\u201d zatvorila je za posje\u0107ivanje Skradinski  Buk i Ro\u0161ki slap gdje se rijeka Krka izlila iz korita i potopila  pje\u0161a\u010dke staze i mostove, a zabrana posje\u0107ivanja trajat \u0107e do povla\u010denja  vode, navode iz NP Krka.<\/p>\n\n\n\n<figure class=\"wp-block-video aligncenter\"><video controls src=\"https:\/\/sibenik-meteo.hr\/weather\/preuzimanje\/RPReplay_Final1684309528.MOV\"><\/video><figcaption>Video: NP Krka<\/figcaption><\/figure>\n\n\n\n<p>Uslijed obilnih oborina do\u0161lo je do zamu\u0107enja vode u izvori\u0161tu Jaruga, te je mutno\u0107a iznad dozvoljenih vrijednosti. Takva voda se ne preporu\u010duje za pi\u0107e jer nije sukladna Zakonu o vodi za ljudsku potro\u0161nju. Pove\u0107ani stupanj zamu\u0107enosti je prirodna pojava na kr\u0161kim podru\u010djima i obi\u010dno traje nekoliko dana. Isporu\u010dena voda se redovno dezinficira. Unato\u010d tome \u0161to ovakva voda nije \u0161tetna za zdravlje, preporu\u010damo da se voda za pi\u0107e prije upotrebe pusti da se istalo\u017ei, te da se nakon toga bistri dio prokuha. Voda se mo\u017ee koristiti za kuhanje i sve druge sanitarne potrebe.Obavijest o zamu\u0107enju vode odnosi se na podru\u010dje \u017eupanije koje se opskrbljuje s izvori\u0161ta Jaruga a koje obuhva\u0107a sve potro\u0161a\u010de na podru\u010dju \u0160ibenika prema Murteru i Stankovcima, zatim prema Rogoznici te dalmatinsku zagoru (Mirlovi\u0107 Zagora, Perkovi\u0107 i Primorski Dolac), javaljaju iz Vodovoda.<\/p>\n\n\n\n<div class=\"wp-block-image\"><figure class=\"aligncenter\"><img loading=\"lazy\" decoding=\"async\" width=\"720\" height=\"540\" src=\"https:\/\/sibenik-meteo.hr\/wp-content\/uploads\/2023\/05\/vodovod.jpg\" alt=\"\" class=\"wp-image-4492\" srcset=\"https:\/\/sibenik-meteo.hr\/wp-content\/uploads\/2023\/05\/vodovod.jpg 720w, https:\/\/sibenik-meteo.hr\/wp-content\/uploads\/2023\/05\/vodovod-300x225.jpg 300w\" sizes=\"auto, (max-width: 720px) 100vw, 720px\" \/><\/figure><\/div>\n","protected":false},"excerpt":{"rendered":"<p>U \u0160ibensko-kninskoj \u017eupaniji buji\u010dne vode zaprijetile su ku\u0107ama u Bribiru. Povodanj je zaustavljen brzom intervencijom&#8230;<\/p>\n","protected":false},"author":1,"featured_media":4494,"comment_status":"closed","ping_status":"open","sticky":false,"template":"","format":"standard","meta":{"_monsterinsights_skip_tracking":false,"_monsterinsights_sitenote_active":false,"_monsterinsights_sitenote_note":"","_monsterinsights_sitenote_category":0,"footnotes":""},"categories":[10],"tags":[331,430,573,37,446,203],"class_list":["post-4491","post","type-post","status-publish","format-standard","has-post-thumbnail","hentry","category-hrvatska","tag-bujice","tag-krka","tag-obilne-kise","tag-poplave","tag-voda","tag-vodovod"],"_links":{"self":[{"href":"https:\/\/sibenik-meteo.hr\/index.php\/wp-json\/wp\/v2\/posts\/4491","targetHints":{"allow":["GET"]}}],"collection":[{"href":"https:\/\/sibenik-meteo.hr\/index.php\/wp-json\/wp\/v2\/posts"}],"about":[{"href":"https:\/\/sibenik-meteo.hr\/index.php\/wp-json\/wp\/v2\/types\/post"}],"author":[{"embeddable":true,"href":"https:\/\/sibenik-meteo.hr\/index.php\/wp-json\/wp\/v2\/users\/1"}],"replies":[{"embeddable":true,"href":"https:\/\/sibenik-meteo.hr\/index.php\/wp-json\/wp\/v2\/comments?post=4491"}],"version-history":[{"count":3,"href":"https:\/\/sibenik-meteo.hr\/index.php\/wp-json\/wp\/v2\/posts\/4491\/revisions"}],"predecessor-version":[{"id":4498,"href":"https:\/\/sibenik-meteo.hr\/index.php\/wp-json\/wp\/v2\/posts\/4491\/revisions\/4498"}],"wp:featuredmedia":[{"embeddable":true,"href":"https:\/\/sibenik-meteo.hr\/index.php\/wp-json\/wp\/v2\/media\/4494"}],"wp:attachment":[{"href":"https:\/\/sibenik-meteo.hr\/index.php\/wp-json\/wp\/v2\/media?parent=4491"}],"wp:term":[{"taxonomy":"category","embeddable":true,"href":"https:\/\/sibenik-meteo.hr\/index.php\/wp-json\/wp\/v2\/categories?post=4491"},{"taxonomy":"post_tag","embeddable":true,"href":"https:\/\/sibenik-meteo.hr\/index.php\/wp-json\/wp\/v2\/tags?post=4491"}],"curies":[{"name":"wp","href":"https:\/\/api.w.org\/{rel}","templated":true}]}}