{"id":447,"date":"2020-04-02T21:13:33","date_gmt":"2020-04-02T19:13:33","guid":{"rendered":"http:\/\/sibenik-meteo.hr\/?p=447"},"modified":"2020-04-02T21:13:33","modified_gmt":"2020-04-02T19:13:33","slug":"20-osoba-nastradalo-pri-udaru-munje-u-dalekovod","status":"publish","type":"post","link":"https:\/\/sibenik-meteo.hr\/index.php\/2020\/04\/02\/20-osoba-nastradalo-pri-udaru-munje-u-dalekovod\/","title":{"rendered":"20 osoba nastradalo pri udaru munje u dalekovod"},"content":{"rendered":"\n<p>Ju\u010dera\u0161nji udar munje u \ndalekovod visokonaponske mre\u017ee u predgra\u0111u glavnog grada Konga \nBrazzaville uzrokovao je otkidanje vodi\u010da pod naponom i njegov pad na \nku\u0107e i ulice.<\/p>\n\n\n\n<p>Kako prenose \ntamo\u0161nji mediji jedan od vodi\u010da pao je na ku\u0107u u kojoj su nastradle tri \nosobe, a ostali su nastradali pri padu drugog vodi\u010da na ulicu ili \nprilikom spa\u0161avanja nastradalih.<\/p>\n\n\n\n<p>U Ruandi dvije osobe koje su se od grmljavinskog pljuska sakrile u staju tako\u0111er su nastradale pri udaru munje.<\/p>\n","protected":false},"excerpt":{"rendered":"<p>Ju\u010dera\u0161nji udar munje u dalekovod visokonaponske mre\u017ee u predgra\u0111u glavnog grada Konga Brazzaville uzrokovao je&#8230;<\/p>\n","protected":false},"author":1,"featured_media":448,"comment_status":"closed","ping_status":"open","sticky":false,"template":"","format":"standard","meta":{"_monsterinsights_skip_tracking":false,"_monsterinsights_sitenote_active":false,"_monsterinsights_sitenote_note":"","_monsterinsights_sitenote_category":0,"footnotes":""},"categories":[9],"tags":[],"class_list":["post-447","post","type-post","status-publish","format-standard","has-post-thumbnail","hentry","category-svijet"],"_links":{"self":[{"href":"https:\/\/sibenik-meteo.hr\/index.php\/wp-json\/wp\/v2\/posts\/447","targetHints":{"allow":["GET"]}}],"collection":[{"href":"https:\/\/sibenik-meteo.hr\/index.php\/wp-json\/wp\/v2\/posts"}],"about":[{"href":"https:\/\/sibenik-meteo.hr\/index.php\/wp-json\/wp\/v2\/types\/post"}],"author":[{"embeddable":true,"href":"https:\/\/sibenik-meteo.hr\/index.php\/wp-json\/wp\/v2\/users\/1"}],"replies":[{"embeddable":true,"href":"https:\/\/sibenik-meteo.hr\/index.php\/wp-json\/wp\/v2\/comments?post=447"}],"version-history":[{"count":1,"href":"https:\/\/sibenik-meteo.hr\/index.php\/wp-json\/wp\/v2\/posts\/447\/revisions"}],"predecessor-version":[{"id":449,"href":"https:\/\/sibenik-meteo.hr\/index.php\/wp-json\/wp\/v2\/posts\/447\/revisions\/449"}],"wp:featuredmedia":[{"embeddable":true,"href":"https:\/\/sibenik-meteo.hr\/index.php\/wp-json\/wp\/v2\/media\/448"}],"wp:attachment":[{"href":"https:\/\/sibenik-meteo.hr\/index.php\/wp-json\/wp\/v2\/media?parent=447"}],"wp:term":[{"taxonomy":"category","embeddable":true,"href":"https:\/\/sibenik-meteo.hr\/index.php\/wp-json\/wp\/v2\/categories?post=447"},{"taxonomy":"post_tag","embeddable":true,"href":"https:\/\/sibenik-meteo.hr\/index.php\/wp-json\/wp\/v2\/tags?post=447"}],"curies":[{"name":"wp","href":"https:\/\/api.w.org\/{rel}","templated":true}]}}