{"id":4430,"date":"2023-05-10T12:16:13","date_gmt":"2023-05-10T10:16:13","guid":{"rendered":"https:\/\/sibenik-meteo.hr\/?p=4430"},"modified":"2023-05-10T12:16:14","modified_gmt":"2023-05-10T10:16:14","slug":"temperatura-mora-od-danas-dostupna-i-iz-srime","status":"publish","type":"post","link":"https:\/\/sibenik-meteo.hr\/index.php\/2023\/05\/10\/temperatura-mora-od-danas-dostupna-i-iz-srime\/","title":{"rendered":"Temperatura mora od danas dostupna i iz Srime"},"content":{"rendered":"\n<p>Na mre\u017ei automatskih sondi za mjerenje temperature mora od danas je dostupna jo\u0161 jedna, jubilarna 10 lokacija u \u0160ibensko-kninskaj \u017eupaniji, u <a href=\"https:\/\/sibenik-meteo.hr\/index.php\/temperatura-mora\/\">Srimi<\/a>.<\/p>\n\n\n\n<p>Mjerna oprema u predjelu Lovetovo postavljena je jo\u0161 2015 godina i mogla se jedno vrijeme pratiti na stranicama Radio kluba \u0160ibenik, a od ju\u010der uspje\u0161no je integrirana u na\u0161 sustav gdje se podaci obnavljaju svakih nekoliko minuta, a stanje mora dobiva se na osnovu mjerenje brzine vjetra u Vodicama, odnosno kori\u0161tenjem Beaufortove i Douglasave skale.<br><\/p>\n","protected":false},"excerpt":{"rendered":"<p>Na mre\u017ei automatskih sondi za mjerenje temperature mora od danas je dostupna jo\u0161 jedna, jubilarna&#8230;<\/p>\n","protected":false},"author":1,"featured_media":4431,"comment_status":"closed","ping_status":"open","sticky":false,"template":"","format":"standard","meta":{"_monsterinsights_skip_tracking":false,"_monsterinsights_sitenote_active":false,"_monsterinsights_sitenote_note":"","_monsterinsights_sitenote_category":0,"footnotes":""},"categories":[10],"tags":[356,49,57,561,355],"class_list":["post-4430","post","type-post","status-publish","format-standard","has-post-thumbnail","hentry","category-hrvatska","tag-bove","tag-jadran","tag-sibenik-meteo","tag-sonde","tag-temperature-mora"],"_links":{"self":[{"href":"https:\/\/sibenik-meteo.hr\/index.php\/wp-json\/wp\/v2\/posts\/4430","targetHints":{"allow":["GET"]}}],"collection":[{"href":"https:\/\/sibenik-meteo.hr\/index.php\/wp-json\/wp\/v2\/posts"}],"about":[{"href":"https:\/\/sibenik-meteo.hr\/index.php\/wp-json\/wp\/v2\/types\/post"}],"author":[{"embeddable":true,"href":"https:\/\/sibenik-meteo.hr\/index.php\/wp-json\/wp\/v2\/users\/1"}],"replies":[{"embeddable":true,"href":"https:\/\/sibenik-meteo.hr\/index.php\/wp-json\/wp\/v2\/comments?post=4430"}],"version-history":[{"count":1,"href":"https:\/\/sibenik-meteo.hr\/index.php\/wp-json\/wp\/v2\/posts\/4430\/revisions"}],"predecessor-version":[{"id":4432,"href":"https:\/\/sibenik-meteo.hr\/index.php\/wp-json\/wp\/v2\/posts\/4430\/revisions\/4432"}],"wp:featuredmedia":[{"embeddable":true,"href":"https:\/\/sibenik-meteo.hr\/index.php\/wp-json\/wp\/v2\/media\/4431"}],"wp:attachment":[{"href":"https:\/\/sibenik-meteo.hr\/index.php\/wp-json\/wp\/v2\/media?parent=4430"}],"wp:term":[{"taxonomy":"category","embeddable":true,"href":"https:\/\/sibenik-meteo.hr\/index.php\/wp-json\/wp\/v2\/categories?post=4430"},{"taxonomy":"post_tag","embeddable":true,"href":"https:\/\/sibenik-meteo.hr\/index.php\/wp-json\/wp\/v2\/tags?post=4430"}],"curies":[{"name":"wp","href":"https:\/\/api.w.org\/{rel}","templated":true}]}}