{"id":4426,"date":"2023-05-10T11:02:24","date_gmt":"2023-05-10T09:02:24","guid":{"rendered":"https:\/\/sibenik-meteo.hr\/?p=4426"},"modified":"2023-05-10T11:10:13","modified_gmt":"2023-05-10T09:10:13","slug":"blokirana-ciklona-danima-ce-donositi-kisu","status":"publish","type":"post","link":"https:\/\/sibenik-meteo.hr\/index.php\/2023\/05\/10\/blokirana-ciklona-danima-ce-donositi-kisu\/","title":{"rendered":"&#8220;Blokirana&#8221; ciklona danima \u0107e donositi ki\u0161u"},"content":{"rendered":"\n<p>Nad Europom se razvija zanimljiva sinopti\u010dka situacija koja \u0107e upravo Jadranu u narednim danima donijeti turbulentne vremenske prilike pra\u0107ene lokalno obilnim oborinama koje \u0107e \u010desto biti u obliku grmljavinskih pljuskova.<\/p>\n\n\n\n<p>Polje visokog tlaka zraka trenutno se nalazi nad Atlantikom kod Azora i iznad Skandinavije, a dio zapadne i srednje Europe te Jadran na\u0161ao se u &#8220;sendvi\u010du&#8221; ova dva bari\u010dka sustava \u0161to je pak omogu\u0107ilo u &#8220;procijepu&#8221; pritjecanje svje\u017eeg i nestabilnog zraka sa sjeverozpada koje \u0107e inicirati ciklonu kod Genove. Ona ne\u0107e imati puno opcija za premje\u0161tanje pa \u0107e se danima nad nama obnavljati i uglavnom biti stacionarna \u0161to \u0107e rezultirati i akumulacijom obilnih oborina.<\/p>\n\n\n\n<div class=\"wp-block-image\"><figure class=\"aligncenter\"><img loading=\"lazy\" decoding=\"async\" width=\"768\" height=\"512\" src=\"https:\/\/sibenik-meteo.hr\/wp-content\/uploads\/2023\/05\/Screenshot-2023-05-10-at-11-01-04-Meteociel-Cartes-du-mod\u00e8le-num\u00e9rique-GFS-pour-lEurope.png\" alt=\"\" class=\"wp-image-4427\" srcset=\"https:\/\/sibenik-meteo.hr\/wp-content\/uploads\/2023\/05\/Screenshot-2023-05-10-at-11-01-04-Meteociel-Cartes-du-mod\u00e8le-num\u00e9rique-GFS-pour-lEurope.png 768w, https:\/\/sibenik-meteo.hr\/wp-content\/uploads\/2023\/05\/Screenshot-2023-05-10-at-11-01-04-Meteociel-Cartes-du-mod\u00e8le-num\u00e9rique-GFS-pour-lEurope-300x200.png 300w\" sizes=\"auto, (max-width: 768px) 100vw, 768px\" \/><figcaption>Izvor: Meteociel<\/figcaption><\/figure><\/div>\n\n\n\n<p>Danas ve\u0107i dio dana prevladavati \u0107e umjereno do prete\u017eno obla\u010dno vrijeme, a ki\u0161a se glavninom o\u010dekuje u drugom dijelu ve\u010deri te osobito u no\u0107i na \u010detvrtak tijekom kojeg \u0107e uz prete\u017eno oba\u010dno vrijeme biti i \u010destih grmljavinskih pljuskova. Upravo granica juga i bure, odnosno sjeverozapadnih vjetrova, narednih dana biti \u0107e srednji dio Jadrana \u0161to \u0107e za posljedicu donijeti i \u010deste lokalne neverine. <\/p>\n\n\n\n<p>Dakle pred nama je izra\u017eena promjena vremena koja \u0107e uz dosta oborina i promjenjive vjetrove donijeti i manje osvje\u017eenje, a prema sada\u0161njim prognosti\u010dkim materijalima nakon nestabilnog vikenda i po\u010detak narednog tjedna biti \u0107e u istom tonu.<\/p>\n","protected":false},"excerpt":{"rendered":"<p>Nad Europom se razvija zanimljiva sinopti\u010dka situacija koja \u0107e upravo Jadranu u narednim danima donijeti&#8230;<\/p>\n","protected":false},"author":1,"featured_media":2987,"comment_status":"closed","ping_status":"open","sticky":false,"template":"","format":"standard","meta":{"_monsterinsights_skip_tracking":false,"_monsterinsights_sitenote_active":false,"_monsterinsights_sitenote_note":"","_monsterinsights_sitenote_category":0,"footnotes":""},"categories":[10],"tags":[136,97,49,40,326],"class_list":["post-4426","post","type-post","status-publish","format-standard","has-post-thumbnail","hentry","category-hrvatska","tag-ciklona","tag-ekstremne-vremenske-prilike","tag-jadran","tag-kisa","tag-vremenske-neprilike"],"_links":{"self":[{"href":"https:\/\/sibenik-meteo.hr\/index.php\/wp-json\/wp\/v2\/posts\/4426","targetHints":{"allow":["GET"]}}],"collection":[{"href":"https:\/\/sibenik-meteo.hr\/index.php\/wp-json\/wp\/v2\/posts"}],"about":[{"href":"https:\/\/sibenik-meteo.hr\/index.php\/wp-json\/wp\/v2\/types\/post"}],"author":[{"embeddable":true,"href":"https:\/\/sibenik-meteo.hr\/index.php\/wp-json\/wp\/v2\/users\/1"}],"replies":[{"embeddable":true,"href":"https:\/\/sibenik-meteo.hr\/index.php\/wp-json\/wp\/v2\/comments?post=4426"}],"version-history":[{"count":2,"href":"https:\/\/sibenik-meteo.hr\/index.php\/wp-json\/wp\/v2\/posts\/4426\/revisions"}],"predecessor-version":[{"id":4429,"href":"https:\/\/sibenik-meteo.hr\/index.php\/wp-json\/wp\/v2\/posts\/4426\/revisions\/4429"}],"wp:featuredmedia":[{"embeddable":true,"href":"https:\/\/sibenik-meteo.hr\/index.php\/wp-json\/wp\/v2\/media\/2987"}],"wp:attachment":[{"href":"https:\/\/sibenik-meteo.hr\/index.php\/wp-json\/wp\/v2\/media?parent=4426"}],"wp:term":[{"taxonomy":"category","embeddable":true,"href":"https:\/\/sibenik-meteo.hr\/index.php\/wp-json\/wp\/v2\/categories?post=4426"},{"taxonomy":"post_tag","embeddable":true,"href":"https:\/\/sibenik-meteo.hr\/index.php\/wp-json\/wp\/v2\/tags?post=4426"}],"curies":[{"name":"wp","href":"https:\/\/api.w.org\/{rel}","templated":true}]}}