{"id":4407,"date":"2023-05-07T10:11:38","date_gmt":"2023-05-07T08:11:38","guid":{"rendered":"https:\/\/sibenik-meteo.hr\/?p=4407"},"modified":"2023-05-07T10:11:46","modified_gmt":"2023-05-07T08:11:46","slug":"dvoje-poginulih-nakon-obilnih-kisa-u-italiji","status":"publish","type":"post","link":"https:\/\/sibenik-meteo.hr\/index.php\/2023\/05\/07\/dvoje-poginulih-nakon-obilnih-kisa-u-italiji\/","title":{"rendered":"Dvoje poginulih nakon obilnih ki\u0161a u Italiji"},"content":{"rendered":"\n<p>Bilanaca gotovo dan i pol neprekidne ki\u0161e koja je po\u010detkom tjedna pogodila regiju  Emilia-Romagna dvije su poginule osobe, objavili su talijanske vlasti.<\/p>\n\n\n\n<p>Jednu osobu je odnijela bujica dok se vozila biciklom u pokrajini Ravena, a druga je poginula u blizini Imole kada je stambenu ku\u0107u pogodilo klizi\u0161te izazvano poplavom. Jedna osoba smatra nestalom i za njom se traga.<\/p>\n\n\n\n<figure class=\"wp-block-embed-twitter aligncenter wp-block-embed is-type-rich is-provider-twitter\"><div class=\"wp-block-embed__wrapper\">\n<blockquote class=\"twitter-tweet\" data-width=\"550\" data-dnt=\"true\"><p lang=\"it\" dir=\"ltr\">Emergenza <a href=\"https:\/\/twitter.com\/hashtag\/maltempo?src=hash&amp;ref_src=twsrc%5Etfw\">#maltempo<\/a> a <a href=\"https:\/\/twitter.com\/hashtag\/Faenza?src=hash&amp;ref_src=twsrc%5Etfw\">#Faenza<\/a>, la situazione in citt\u00e0: <br>1) auto interamente sott\u2019acqua;<br>2) fiume Lamone quasi a livello del rivalino e\u2026<br>3) \u2026quasi a livello della strada e circolazione sospesa;<br>4) circonvallazione di Faenza inagibile (s\u00ec, ora sembra un canale). <a href=\"https:\/\/t.co\/WPKGRqlvRy\">pic.twitter.com\/WPKGRqlvRy<\/a><\/p>&mdash; Tomaso Palli (@tomaso_palli) <a href=\"https:\/\/twitter.com\/tomaso_palli\/status\/1653664610753343489?ref_src=twsrc%5Etfw\">May 3, 2023<\/a><\/blockquote><script async src=\"https:\/\/platform.twitter.com\/widgets.js\" charset=\"utf-8\"><\/script>\n<\/div><\/figure>\n\n\n\n<p>Intenzivne oborine do\u0161le su u trenutku kada se Italija suo\u010dava sa drugom godinom su\u0161e, koja je iscrpila njenu najve\u0107u rijeku Po koja podr\u017eava  poljoprivredu u dolini rijeke prije nego \u0161to utje\u010de u Jadransko more isto\u010dno od Bolonje u Emiliji-Romanji.<\/p>\n\n\n\n<p>Obilne ki\u0161e podignule su nivo rijeke Po za 1,5 metara tijekom 24 sata, a manje rijeke u Emiliji-Romanji izlile su se iz korita, nanijev\u0161i \u0161tetu na imovini i poljoprivredi. 450 osoba moralo je biti evakuirano iz svojih domova.<\/p>\n\n\n\n<figure class=\"wp-block-embed-twitter aligncenter wp-block-embed is-type-rich is-provider-twitter\"><div class=\"wp-block-embed__wrapper\">\n<blockquote class=\"twitter-tweet\" data-width=\"550\" data-dnt=\"true\"><p lang=\"en\" dir=\"ltr\">Mai 03, 2023<br>\ud83c\uddee\ud83c\uddf9 <a href=\"https:\/\/twitter.com\/hashtag\/Italy?src=hash&amp;ref_src=twsrc%5Etfw\">#Italy<\/a> | Evacuations underway in Faenza due Dramatic Floods in Emilia Romagna<br><br>More video in Youtube Channel : <a href=\"https:\/\/t.co\/ledGWwhwZS\">https:\/\/t.co\/ledGWwhwZS<\/a><a href=\"https:\/\/twitter.com\/hashtag\/Italia?src=hash&amp;ref_src=twsrc%5Etfw\">#Italia<\/a> <a href=\"https:\/\/twitter.com\/hashtag\/Faenza?src=hash&amp;ref_src=twsrc%5Etfw\">#Faenza<\/a> <a href=\"https:\/\/twitter.com\/hashtag\/alluvione?src=hash&amp;ref_src=twsrc%5Etfw\">#alluvione<\/a> <a href=\"https:\/\/twitter.com\/hashtag\/maltempo?src=hash&amp;ref_src=twsrc%5Etfw\">#maltempo<\/a> <a href=\"https:\/\/twitter.com\/hashtag\/Lluvia?src=hash&amp;ref_src=twsrc%5Etfw\">#Lluvia<\/a> <a href=\"https:\/\/twitter.com\/hashtag\/chuvas?src=hash&amp;ref_src=twsrc%5Etfw\">#chuvas<\/a> <a href=\"https:\/\/twitter.com\/hashtag\/inundaciones?src=hash&amp;ref_src=twsrc%5Etfw\">#inundaciones<\/a> <a href=\"https:\/\/twitter.com\/hashtag\/banjir?src=hash&amp;ref_src=twsrc%5Etfw\">#banjir<\/a> <a href=\"https:\/\/twitter.com\/hashtag\/storm?src=hash&amp;ref_src=twsrc%5Etfw\">#storm<\/a> <a href=\"https:\/\/twitter.com\/hashtag\/inondation?src=hash&amp;ref_src=twsrc%5Etfw\">#inondation<\/a> <a href=\"https:\/\/twitter.com\/hashtag\/flooding?src=hash&amp;ref_src=twsrc%5Etfw\">#flooding<\/a> <a href=\"https:\/\/t.co\/gjcvkHulMd\">pic.twitter.com\/gjcvkHulMd<\/a><\/p>&mdash; CLIMATE Change \ud83c\udf2a\ufe0f\ud83c\udf0b (@weatheralert15) <a href=\"https:\/\/twitter.com\/weatheralert15\/status\/1653643834377510912?ref_src=twsrc%5Etfw\">May 3, 2023<\/a><\/blockquote><script async src=\"https:\/\/platform.twitter.com\/widgets.js\" charset=\"utf-8\"><\/script>\n<\/div><\/figure>\n\n\n\n<p>Jezero Garda, koje se prostire malo sjevernije u regiji Lombardija i Veneto i koje se koristi kao veliki bazen za navodnjavanje poljoprivrede, ostaje i dalje blizu povijesnog minimuma sa kapacitetom od 43%. <\/p>\n\n\n\n<figure class=\"wp-block-embed-twitter aligncenter wp-block-embed is-type-rich is-provider-twitter\"><div class=\"wp-block-embed__wrapper\">\n<blockquote class=\"twitter-tweet\" data-width=\"550\" data-dnt=\"true\"><p lang=\"it\" dir=\"ltr\"><a href=\"https:\/\/twitter.com\/hashtag\/Maltempo?src=hash&amp;ref_src=twsrc%5Etfw\">#Maltempo<\/a> <a href=\"https:\/\/twitter.com\/hashtag\/Ravenna?src=hash&amp;ref_src=twsrc%5Etfw\">#Ravenna<\/a>, esondazione torrente Sillaro, nella clip il sorvolo dell\u2019elicottero del reparto volo dei <a href=\"https:\/\/twitter.com\/hashtag\/vigilidelfuoco?src=hash&amp;ref_src=twsrc%5Etfw\">#vigilidelfuoco<\/a> di Bologna tra Massa Lombarda e Conselice [<a href=\"https:\/\/twitter.com\/hashtag\/2maggio?src=hash&amp;ref_src=twsrc%5Etfw\">#2maggio<\/a> 19:00] <a href=\"https:\/\/t.co\/TrQ0zLKuMt\">pic.twitter.com\/TrQ0zLKuMt<\/a><\/p>&mdash; Vigili del Fuoco (@vigilidelfuoco) <a href=\"https:\/\/twitter.com\/vigilidelfuoco\/status\/1653452628347453462?ref_src=twsrc%5Etfw\">May 2, 2023<\/a><\/blockquote><script async src=\"https:\/\/platform.twitter.com\/widgets.js\" charset=\"utf-8\"><\/script>\n<\/div><\/figure>\n","protected":false},"excerpt":{"rendered":"<p>Bilanaca gotovo dan i pol neprekidne ki\u0161e koja je po\u010detkom tjedna pogodila regiju Emilia-Romagna dvije&#8230;<\/p>\n","protected":false},"author":1,"featured_media":4408,"comment_status":"closed","ping_status":"open","sticky":false,"template":"","format":"standard","meta":{"_monsterinsights_skip_tracking":false,"_monsterinsights_sitenote_active":false,"_monsterinsights_sitenote_note":"","_monsterinsights_sitenote_category":0,"footnotes":""},"categories":[11],"tags":[331,97,563,565,133,457,564,37],"class_list":["post-4407","post","type-post","status-publish","format-standard","has-post-thumbnail","hentry","category-europa","tag-bujice","tag-ekstremne-vremenske-prilike","tag-emilia-romagna","tag-garda","tag-italija","tag-obilna-kisa","tag-po","tag-poplave"],"_links":{"self":[{"href":"https:\/\/sibenik-meteo.hr\/index.php\/wp-json\/wp\/v2\/posts\/4407","targetHints":{"allow":["GET"]}}],"collection":[{"href":"https:\/\/sibenik-meteo.hr\/index.php\/wp-json\/wp\/v2\/posts"}],"about":[{"href":"https:\/\/sibenik-meteo.hr\/index.php\/wp-json\/wp\/v2\/types\/post"}],"author":[{"embeddable":true,"href":"https:\/\/sibenik-meteo.hr\/index.php\/wp-json\/wp\/v2\/users\/1"}],"replies":[{"embeddable":true,"href":"https:\/\/sibenik-meteo.hr\/index.php\/wp-json\/wp\/v2\/comments?post=4407"}],"version-history":[{"count":1,"href":"https:\/\/sibenik-meteo.hr\/index.php\/wp-json\/wp\/v2\/posts\/4407\/revisions"}],"predecessor-version":[{"id":4409,"href":"https:\/\/sibenik-meteo.hr\/index.php\/wp-json\/wp\/v2\/posts\/4407\/revisions\/4409"}],"wp:featuredmedia":[{"embeddable":true,"href":"https:\/\/sibenik-meteo.hr\/index.php\/wp-json\/wp\/v2\/media\/4408"}],"wp:attachment":[{"href":"https:\/\/sibenik-meteo.hr\/index.php\/wp-json\/wp\/v2\/media?parent=4407"}],"wp:term":[{"taxonomy":"category","embeddable":true,"href":"https:\/\/sibenik-meteo.hr\/index.php\/wp-json\/wp\/v2\/categories?post=4407"},{"taxonomy":"post_tag","embeddable":true,"href":"https:\/\/sibenik-meteo.hr\/index.php\/wp-json\/wp\/v2\/tags?post=4407"}],"curies":[{"name":"wp","href":"https:\/\/api.w.org\/{rel}","templated":true}]}}