{"id":4391,"date":"2023-05-01T10:44:26","date_gmt":"2023-05-01T08:44:26","guid":{"rendered":"https:\/\/sibenik-meteo.hr\/?p=4391"},"modified":"2023-05-01T10:49:01","modified_gmt":"2023-05-01T08:49:01","slug":"od-cetvrtka-povratak-stabilnog-vremena","status":"publish","type":"post","link":"https:\/\/sibenik-meteo.hr\/index.php\/2023\/05\/01\/od-cetvrtka-povratak-stabilnog-vremena\/","title":{"rendered":"Od \u010detvrtka povratak stabilnog vremena"},"content":{"rendered":"\n<p>Greben anticiklone nad Jadranom postupno slabi, a ciklona nad Tirenskim morem pru\u017ea dolinu prema Jadranu i na po\u010detku tjedna donosi promjenu i pogor\u0161anje vremena.<\/p>\n\n\n\n<p>Jutros na \u0161ibenskom podru\u010dju prevladava djelomice do prete\u017eno obla\u010dno vrijeme uz slab vjetar ju\u017enih i isto\u010dnih smjerova te temperature zraka od oko 20 stupnjeva. U nastavku dana slijedi postupna promjena vremena uz porast naoblake i ja\u010danje juga, u zale\u0111u levanta i juga, koje \u0107e kasno nave\u010der na moru biti i do umjereno jako. Temperature zraka bez ve\u0107e promjene u odnosu na trenutne.<\/p>\n\n\n\n<p>No\u0107 na utorak donosi ki\u0161u i lokalne pljuskove koji mogu biti pra\u0107eni i grmljavinom kojih \u0107e biti povremeno i tijekom jutra kao i u poslijepodnevnim satima dok je nave\u010der najmanja \u0161ansa za njih. Puhati \u0107e umjereno do umjereno jako jugo uz neznatno ni\u017ee temperature zraka koje \u0107e imati mali dnevni hod i kretati se izme\u0111u 14 i 16\u00b0C. Promjenjivo i nestabilno uz \u010destu izmjenu sun\u010danih i obla\u010dnih perioda te povremene pljuskove prevladavati \u0107e i tijekom srijede. Jugo \u0107e u no\u0107i oslabiti i okrenuti na slabu do umjerenu buru koja \u0107e u ve\u010dernjim satima utihnuti.  Temperature zraka \u0107e u odnosu na utorak neznatno porasti i biti u rasponu od minimalnih 14 do maksimalno dnevnih  19\u00b0C.<\/p>\n\n\n\n<p>Od \u010detvrtka se na ovim prostorima o\u010dekuje ja\u010danje polja malo povi\u0161enog tlaka zraka \u0161to \u0107e rezultirati stabilizacijom vremenskih prilika uz djelomice do prete\u017eno sun\u010dano vrijeme. Uz slabe vjetrove sjevernih i sjeverozapadnih smjerova temperature zraka \u0107e biti bez ve\u0107e promjene u odnosu na prethodne dane.<\/p>\n","protected":false},"excerpt":{"rendered":"<p>Greben anticiklone nad Jadranom postupno slabi, a ciklona nad Tirenskim morem pru\u017ea dolinu prema Jadranu&#8230;<\/p>\n","protected":false},"author":1,"featured_media":3852,"comment_status":"closed","ping_status":"open","sticky":false,"template":"","format":"standard","meta":{"_monsterinsights_skip_tracking":false,"_monsterinsights_sitenote_active":false,"_monsterinsights_sitenote_note":"","_monsterinsights_sitenote_category":0,"footnotes":""},"categories":[3],"tags":[40,222,382,143,502],"class_list":["post-4391","post","type-post","status-publish","format-standard","has-post-thumbnail","hentry","category-lokalno-vrijeme","tag-kisa","tag-lokalna-prognoza","tag-sibensko-kninska-zupanija","tag-tjedna-prognoza","tag-vremenska-prognoza"],"_links":{"self":[{"href":"https:\/\/sibenik-meteo.hr\/index.php\/wp-json\/wp\/v2\/posts\/4391","targetHints":{"allow":["GET"]}}],"collection":[{"href":"https:\/\/sibenik-meteo.hr\/index.php\/wp-json\/wp\/v2\/posts"}],"about":[{"href":"https:\/\/sibenik-meteo.hr\/index.php\/wp-json\/wp\/v2\/types\/post"}],"author":[{"embeddable":true,"href":"https:\/\/sibenik-meteo.hr\/index.php\/wp-json\/wp\/v2\/users\/1"}],"replies":[{"embeddable":true,"href":"https:\/\/sibenik-meteo.hr\/index.php\/wp-json\/wp\/v2\/comments?post=4391"}],"version-history":[{"count":2,"href":"https:\/\/sibenik-meteo.hr\/index.php\/wp-json\/wp\/v2\/posts\/4391\/revisions"}],"predecessor-version":[{"id":4393,"href":"https:\/\/sibenik-meteo.hr\/index.php\/wp-json\/wp\/v2\/posts\/4391\/revisions\/4393"}],"wp:featuredmedia":[{"embeddable":true,"href":"https:\/\/sibenik-meteo.hr\/index.php\/wp-json\/wp\/v2\/media\/3852"}],"wp:attachment":[{"href":"https:\/\/sibenik-meteo.hr\/index.php\/wp-json\/wp\/v2\/media?parent=4391"}],"wp:term":[{"taxonomy":"category","embeddable":true,"href":"https:\/\/sibenik-meteo.hr\/index.php\/wp-json\/wp\/v2\/categories?post=4391"},{"taxonomy":"post_tag","embeddable":true,"href":"https:\/\/sibenik-meteo.hr\/index.php\/wp-json\/wp\/v2\/tags?post=4391"}],"curies":[{"name":"wp","href":"https:\/\/api.w.org\/{rel}","templated":true}]}}