{"id":4263,"date":"2023-03-26T11:54:54","date_gmt":"2023-03-26T09:54:54","guid":{"rendered":"https:\/\/sibenik-meteo.hr\/?p=4263"},"modified":"2023-03-26T11:56:08","modified_gmt":"2023-03-26T09:56:08","slug":"u-noci-prolaz-fronte","status":"publish","type":"post","link":"https:\/\/sibenik-meteo.hr\/index.php\/2023\/03\/26\/u-noci-prolaz-fronte\/","title":{"rendered":"U no\u0107i prolaz fronte"},"content":{"rendered":"\n<p>Sa sjeverozapada kontinenta prema Jadranu primi\u010de se nova dolina s hladnom frontom koja \u0107e u no\u0107i na ponedjeljak donijeti prolazno pogor\u0161anje vremena uz ki\u0161u i lokalne grmljavinske pljuskove. Ve\u0107 tijekom jutra, a osobito u drugom dijelu ponedjeljka vrijeme \u0107e se uz raskidanje naoblake stabilizirati me\u0111utim prolazom ovog sustava otvoriti \u0107e se put pritjecanju svje\u017eeg zraka sa sjevera kontinenta pa \u0107e uz na udare jaku buru i tramontanu poprili\u010dno zahladiti.<\/p>\n\n\n\n<p>Danas prete\u017eno ili djelomice sun\u010dano, a od sredine dana sa zapada postupan  porast naoblake, nave\u010der i u no\u0107i s ki\u0161om. U no\u0107i je lokalno mogu\u0107a  obilnija ki\u0161a te izra\u017eeniji pljuskovi s grmljavinom. Zapuhat \u0107e umjereno  i ponegdje jako jugo i ju\u017eni vjetar. Najni\u017ea temperatura  zraka izme\u0111u 8 i 12, a najvi\u0161a dnevna uglavnom od 17 do 20 \u00b0C.   <\/p>\n\n\n\n<p>Sutra  promjenljivo obla\u010dno i vjetrovito. Mjestimice ki\u0161a, \u010de\u0161\u0107a u no\u0107i i ujutro. Zapuhati \u0107e umjeren sjeverozapadni vjetar, na moru s jakim udarima,  koji \u0107e popodne okrenuti na vrlo jak sjeverni, a du\u017e obale na jaku i olujnu  buru. Najni\u017ea jutarnja temperatura zraka uglavnom od 8 do 12 \u00b0C, a najvi\u0161a dnevna ve\u0107inom izme\u0111u 11 i 16 \u00b0C. <\/p>\n\n\n\n<p>Nestabilno, promjenljivo i prohladno vrijeme o\u010dekuje se i u nastavku tjedna, osobito sredinom i u danima vikenda.<\/p>\n\n\n\n<p><br> <\/p>\n\n\n\n<div class=\"wp-block-image\"><figure class=\"aligncenter\"><img loading=\"lazy\" decoding=\"async\" width=\"720\" height=\"720\" src=\"https:\/\/sibenik-meteo.hr\/wp-content\/uploads\/2023\/03\/web_fronte_sutra12-1.jpg\" alt=\"\" class=\"wp-image-4265\" srcset=\"https:\/\/sibenik-meteo.hr\/wp-content\/uploads\/2023\/03\/web_fronte_sutra12-1.jpg 720w, https:\/\/sibenik-meteo.hr\/wp-content\/uploads\/2023\/03\/web_fronte_sutra12-1-150x150.jpg 150w, https:\/\/sibenik-meteo.hr\/wp-content\/uploads\/2023\/03\/web_fronte_sutra12-1-300x300.jpg 300w\" sizes=\"auto, (max-width: 720px) 100vw, 720px\" \/><\/figure><\/div>\n","protected":false},"excerpt":{"rendered":"<p>Sa sjeverozapada kontinenta prema Jadranu primi\u010de se nova dolina s hladnom frontom koja \u0107e u&#8230;<\/p>\n","protected":false},"author":2,"featured_media":1984,"comment_status":"closed","ping_status":"open","sticky":false,"template":"","format":"standard","meta":{"_monsterinsights_skip_tracking":false,"_monsterinsights_sitenote_active":false,"_monsterinsights_sitenote_note":"","_monsterinsights_sitenote_category":0,"footnotes":""},"categories":[3],"tags":[15,99,222,131,369,453],"class_list":["post-4263","post","type-post","status-publish","format-standard","has-post-thumbnail","hentry","category-lokalno-vrijeme","tag-bura","tag-hladna-fronta","tag-lokalna-prognoza","tag-obala","tag-pogorsanje-vremena","tag-zahladenje"],"_links":{"self":[{"href":"https:\/\/sibenik-meteo.hr\/index.php\/wp-json\/wp\/v2\/posts\/4263","targetHints":{"allow":["GET"]}}],"collection":[{"href":"https:\/\/sibenik-meteo.hr\/index.php\/wp-json\/wp\/v2\/posts"}],"about":[{"href":"https:\/\/sibenik-meteo.hr\/index.php\/wp-json\/wp\/v2\/types\/post"}],"author":[{"embeddable":true,"href":"https:\/\/sibenik-meteo.hr\/index.php\/wp-json\/wp\/v2\/users\/2"}],"replies":[{"embeddable":true,"href":"https:\/\/sibenik-meteo.hr\/index.php\/wp-json\/wp\/v2\/comments?post=4263"}],"version-history":[{"count":2,"href":"https:\/\/sibenik-meteo.hr\/index.php\/wp-json\/wp\/v2\/posts\/4263\/revisions"}],"predecessor-version":[{"id":4266,"href":"https:\/\/sibenik-meteo.hr\/index.php\/wp-json\/wp\/v2\/posts\/4263\/revisions\/4266"}],"wp:featuredmedia":[{"embeddable":true,"href":"https:\/\/sibenik-meteo.hr\/index.php\/wp-json\/wp\/v2\/media\/1984"}],"wp:attachment":[{"href":"https:\/\/sibenik-meteo.hr\/index.php\/wp-json\/wp\/v2\/media?parent=4263"}],"wp:term":[{"taxonomy":"category","embeddable":true,"href":"https:\/\/sibenik-meteo.hr\/index.php\/wp-json\/wp\/v2\/categories?post=4263"},{"taxonomy":"post_tag","embeddable":true,"href":"https:\/\/sibenik-meteo.hr\/index.php\/wp-json\/wp\/v2\/tags?post=4263"}],"curies":[{"name":"wp","href":"https:\/\/api.w.org\/{rel}","templated":true}]}}