{"id":4218,"date":"2023-03-11T08:30:09","date_gmt":"2023-03-11T07:30:09","guid":{"rendered":"https:\/\/sibenik-meteo.hr\/?p=4218"},"modified":"2023-03-11T08:37:52","modified_gmt":"2023-03-11T07:37:52","slug":"tornado-pogodio-sredisnji-dio-francuske","status":"publish","type":"post","link":"https:\/\/sibenik-meteo.hr\/index.php\/2023\/03\/11\/tornado-pogodio-sredisnji-dio-francuske\/","title":{"rendered":"Tornado pogodio sredi\u0161nji dio Francuske"},"content":{"rendered":"\n<p>Departman Creuse, u sredi\u0161njoj Francuskoj, u \u010detvrtak je zahvatio tornado uzrokuju\u0107i \u0161tetu na infrastrukturi i zgradama.<\/p>\n\n\n\n<p>Nevrijeme je ostavilo niz ku\u0107a u mjestu Pontarionu bez krovova i prozora, a o\u0161te\u0107ena je strujna i internet mre\u017ea.  Unato\u010d \u0161teti od tornada, u mjestu nitko nije ozlije\u0111en, potvrdio je to u petak gradona\u010delnik.<\/p>\n\n\n\n<p>Tornado je pogodio regiju u popodnevnim satima te je prema navodima lokalnih medija prvi takav zabilje\u017een u vi\u0161e od 25 godina. Meteorolo\u0161ke stranice ju\u010der su objavile podatak da postoji 5-15% \u0161anse da se formira novi tornado u Creuseu i obli\u017enjim departmanima.<\/p>\n\n\n\n<p>Zbog jakih vjetrova koji su u nekim regijama puhali preko 100km\/h izdan je niz upozorenja za opasne vremenske prilike. Prema izjavama gra\u0111ana doga\u0111aj su nazvali &#8220;gotovo apokalipti\u010dnim&#8221;.<\/p>\n\n\n\n<figure class=\"wp-block-embed-twitter aligncenter wp-block-embed is-type-rich is-provider-twitter\"><div class=\"wp-block-embed__wrapper\">\nhttps:\/\/twitter.com\/WxNB_\/status\/1633883455816597521?ref_src=twsrc%5Etfw%7Ctwcamp%5Etweetembed%7Ctwterm%5E1633883455816597521%7Ctwgr%5E08a5847c4c474c24daf110f06dbdb89ca3388f1a%7Ctwcon%5Es1_c10&#038;ref_url=https%3A%2F%2Fwww.sott.net%2Fembed%2FgJcqAZDG7yWTGe6vGO_6EolH7YF\n<\/div><\/figure>\n\n\n\n<figure class=\"wp-block-embed-twitter aligncenter wp-block-embed is-type-rich is-provider-twitter\"><div class=\"wp-block-embed__wrapper\">\n<blockquote class=\"twitter-tweet\" data-width=\"550\" data-dnt=\"true\"><p lang=\"fr\" dir=\"ltr\">\ud83c\udf2a Au passage d&#39;un orage, une tornade a \u00e9t\u00e9 observ\u00e9e ce jeudi peu avant 17h \u00e0 Pontarion dans la Creuse ! Le ph\u00e9nom\u00e8ne a occasionn\u00e9 quelques d\u00e9g\u00e2ts. (\u00a9 Kan&#39;tin Penot) <a href=\"https:\/\/t.co\/3HXOT78rKt\">pic.twitter.com\/3HXOT78rKt<\/a><\/p>&mdash; M\u00e9t\u00e9o Express (@MeteoExpress) <a href=\"https:\/\/twitter.com\/MeteoExpress\/status\/1633873268229931008?ref_src=twsrc%5Etfw\">March 9, 2023<\/a><\/blockquote><script async src=\"https:\/\/platform.twitter.com\/widgets.js\" charset=\"utf-8\"><\/script>\n<\/div><\/figure>\n","protected":false},"excerpt":{"rendered":"<p>Departman Creuse, u sredi\u0161njoj Francuskoj, u \u010detvrtak je zahvatio tornado uzrokuju\u0107i \u0161tetu na infrastrukturi i&#8230;<\/p>\n","protected":false},"author":2,"featured_media":4219,"comment_status":"closed","ping_status":"open","sticky":false,"template":"","format":"standard","meta":{"_monsterinsights_skip_tracking":false,"_monsterinsights_sitenote_active":false,"_monsterinsights_sitenote_note":"","_monsterinsights_sitenote_category":0,"footnotes":""},"categories":[11],"tags":[310,398,96,225,326],"class_list":["post-4218","post","type-post","status-publish","format-standard","has-post-thumbnail","hentry","category-europa","tag-francuska","tag-jako-nevrijeme","tag-nevrijeme","tag-tornado","tag-vremenske-neprilike"],"_links":{"self":[{"href":"https:\/\/sibenik-meteo.hr\/index.php\/wp-json\/wp\/v2\/posts\/4218","targetHints":{"allow":["GET"]}}],"collection":[{"href":"https:\/\/sibenik-meteo.hr\/index.php\/wp-json\/wp\/v2\/posts"}],"about":[{"href":"https:\/\/sibenik-meteo.hr\/index.php\/wp-json\/wp\/v2\/types\/post"}],"author":[{"embeddable":true,"href":"https:\/\/sibenik-meteo.hr\/index.php\/wp-json\/wp\/v2\/users\/2"}],"replies":[{"embeddable":true,"href":"https:\/\/sibenik-meteo.hr\/index.php\/wp-json\/wp\/v2\/comments?post=4218"}],"version-history":[{"count":2,"href":"https:\/\/sibenik-meteo.hr\/index.php\/wp-json\/wp\/v2\/posts\/4218\/revisions"}],"predecessor-version":[{"id":4222,"href":"https:\/\/sibenik-meteo.hr\/index.php\/wp-json\/wp\/v2\/posts\/4218\/revisions\/4222"}],"wp:featuredmedia":[{"embeddable":true,"href":"https:\/\/sibenik-meteo.hr\/index.php\/wp-json\/wp\/v2\/media\/4219"}],"wp:attachment":[{"href":"https:\/\/sibenik-meteo.hr\/index.php\/wp-json\/wp\/v2\/media?parent=4218"}],"wp:term":[{"taxonomy":"category","embeddable":true,"href":"https:\/\/sibenik-meteo.hr\/index.php\/wp-json\/wp\/v2\/categories?post=4218"},{"taxonomy":"post_tag","embeddable":true,"href":"https:\/\/sibenik-meteo.hr\/index.php\/wp-json\/wp\/v2\/tags?post=4218"}],"curies":[{"name":"wp","href":"https:\/\/api.w.org\/{rel}","templated":true}]}}