{"id":413,"date":"2020-04-02T10:22:58","date_gmt":"2020-04-02T08:22:58","guid":{"rendered":"http:\/\/sibenik-meteo.hr\/?p=413"},"modified":"2020-04-02T10:22:58","modified_gmt":"2020-04-02T08:22:58","slug":"proljetni-snijeg-iznenadio-albaniju-i-portugal-u-norveskoj-zatvorio-ceste","status":"publish","type":"post","link":"https:\/\/sibenik-meteo.hr\/index.php\/2020\/04\/02\/proljetni-snijeg-iznenadio-albaniju-i-portugal-u-norveskoj-zatvorio-ceste\/","title":{"rendered":"Proljetni snijeg iznenadio Albaniju i Portugal, u Norve\u0161koj zatvorio ceste"},"content":{"rendered":"\n<p>\nSnijeg koji je prekju\u010der padao\n na \u0161irem \u0161ibenskom podru\u010dju, a ju\u010der na dubrova\u010dkom ovih dana iznenadio\n je i mnoge druge zemlje u kojim je njegovo padanje u prolje\u0107e posve \nneuobi\u010dajno.\n\n<\/p>\n\n\n\n<figure class=\"wp-block-image\"><img loading=\"lazy\" decoding=\"async\" width=\"764\" height=\"468\" src=\"http:\/\/sibenik-meteo.hr\/wp-content\/uploads\/2020\/04\/dubrovnik_snijeg.jpg\" alt=\"\" class=\"wp-image-414\" srcset=\"https:\/\/sibenik-meteo.hr\/wp-content\/uploads\/2020\/04\/dubrovnik_snijeg.jpg 764w, https:\/\/sibenik-meteo.hr\/wp-content\/uploads\/2020\/04\/dubrovnik_snijeg-300x184.jpg 300w\" sizes=\"auto, (max-width: 764px) 100vw, 764px\" \/><figcaption> <br>Brda u okolici Dubrovnika 01.04.2020., foto: Mark Thomas <\/figcaption><\/figure>\n\n\n\n<p>Hladna fronta koja je \nstigla po rubu anticiklone pro\u0161irila se i na istok Balkana pa je \nzabijelio veliki dio susjedne Bosne i to osobito isto\u010dnu Hercegovinu u \nkojoj snijeg i nije ba\u0161 uobi\u010dajan za doba godine i gdje je lokalno \nnapadalo i do 20cm. I unutra\u0161njost Crne Gore, osobito planine, dobila je\n novi snje\u017eni pokriva\u010d, a padao je i u velikom dijelu Srbije.<\/p>\n\n\n\n<div class=\"wp-block-image\"><figure class=\"aligncenter\"><img loading=\"lazy\" decoding=\"async\" width=\"634\" height=\"386\" src=\"http:\/\/sibenik-meteo.hr\/wp-content\/uploads\/2020\/04\/albanija_snijeg.jpg\" alt=\"\" class=\"wp-image-415\" srcset=\"https:\/\/sibenik-meteo.hr\/wp-content\/uploads\/2020\/04\/albanija_snijeg.jpg 634w, https:\/\/sibenik-meteo.hr\/wp-content\/uploads\/2020\/04\/albanija_snijeg-300x183.jpg 300w\" sizes=\"auto, (max-width: 634px) 100vw, 634px\" \/><figcaption> <br><strong>Albanija 01.04.2020.<\/strong> <\/figcaption><\/figure><\/div>\n\n\n\n<p>Nakon\n \u0161to su prethodnih dana temperature zraka dosezale gotovo ranoljetne \nvrijednosti veliki dio Albanije zahvatio je hladan val uz snijeg koji je\n u nizinama stvorio snje\u017eni pokriva\u010d visine od 5 do 20, a u planinskim \nregijama od 20 do \u010dak 60cm!<\/p>\n\n\n\n<figure class=\"wp-block-embed-youtube aligncenter wp-block-embed is-type-video is-provider-youtube wp-embed-aspect-16-9 wp-has-aspect-ratio\"><div class=\"wp-block-embed__wrapper\">\n<iframe loading=\"lazy\" title=\"D\u00ebbor\u00eb n\u00eb Dib\u00ebr\/ Probleme n\u00eb zonat e thella, rrug\u00ebt e qytetit pjes\u00ebrisht funksionale\" width=\"640\" height=\"360\" src=\"https:\/\/www.youtube.com\/embed\/HzugTRXFG6o?feature=oembed\" frameborder=\"0\" allow=\"accelerometer; autoplay; clipboard-write; encrypted-media; gyroscope; picture-in-picture; web-share\" referrerpolicy=\"strict-origin-when-cross-origin\" allowfullscreen><\/iframe>\n<\/div><figcaption>Proljetni snijeg u Albaniji<\/figcaption><\/figure>\n\n\n\n<p>\nSnijeg koji je po\u010deo padati u \nponedjeljak u vi\u0161im djelovima Portugala dodatno je poja\u010dao u utorak te \nstvorio tanji snje\u017eni pokriva\u010d na radost najmanjih. I dok je u Portugalu\n padao snijeg u susjednoj \u0160panjolskoj lokalno je bilo obilne ki\u0161e koja \nje izazvala plavljenje poljoprivrednog zemlji\u0161ta i veliku materijalnu \n\u0161tetu na usjevima. U nekim podru\u010djima Murcie za 24h palo je 100, dok je u\n regiji Alicante 50 litara ki\u0161e po metru \u010detvornome, a iako su oborine \nbile obilne nisu uzrokovale izljevanje lokalnih rijeka.\n\n<\/p>\n\n\n\n<div class=\"wp-block-image\"><figure class=\"aligncenter\"><img loading=\"lazy\" decoding=\"async\" width=\"710\" height=\"382\" src=\"http:\/\/sibenik-meteo.hr\/wp-content\/uploads\/2020\/04\/portugal_snijeg.png\" alt=\"\" class=\"wp-image-416\" srcset=\"https:\/\/sibenik-meteo.hr\/wp-content\/uploads\/2020\/04\/portugal_snijeg.png 710w, https:\/\/sibenik-meteo.hr\/wp-content\/uploads\/2020\/04\/portugal_snijeg-300x161.png 300w\" sizes=\"auto, (max-width: 710px) 100vw, 710px\" \/><figcaption>Portugal krajem o\u017eujka 2020.<\/figcaption><\/figure><\/div>\n\n\n\n<p>\nDa snijeg pada u Norve\u0161koj i \nnije neka vijest ali posve je neuob\u010dajno da ga je zadnjih dana toliko \nnapadalo da su mnoge prometnice bile u prekidu \u0161to je natjeralo zimske \nslu\u017ebe da kamionski promet organiziraju u konvoje kojima su ralice \nosiguravale \u010di\u0161\u0107enje snijega i siguran put odredi\u0161ta.\n\n<\/p>\n\n\n\n<div class=\"wp-block-image\"><figure class=\"aligncenter\"><img loading=\"lazy\" decoding=\"async\" width=\"1014\" height=\"587\" src=\"http:\/\/sibenik-meteo.hr\/wp-content\/uploads\/2020\/04\/norway_snijeg.jpg\" alt=\"\" class=\"wp-image-417\" srcset=\"https:\/\/sibenik-meteo.hr\/wp-content\/uploads\/2020\/04\/norway_snijeg.jpg 1014w, https:\/\/sibenik-meteo.hr\/wp-content\/uploads\/2020\/04\/norway_snijeg-300x174.jpg 300w, https:\/\/sibenik-meteo.hr\/wp-content\/uploads\/2020\/04\/norway_snijeg-768x445.jpg 768w\" sizes=\"auto, (max-width: 1014px) 100vw, 1014px\" \/><figcaption> <br>Norve\u0161ka, foto: Atle Staalesen <\/figcaption><\/figure><\/div>\n\n\n\n<figure class=\"wp-block-embed-youtube aligncenter wp-block-embed is-type-video is-provider-youtube wp-embed-aspect-16-9 wp-has-aspect-ratio\"><div class=\"wp-block-embed__wrapper\">\n<iframe loading=\"lazy\" title=\"Trucking North of Finland to Kirkenes\" width=\"640\" height=\"360\" src=\"https:\/\/www.youtube.com\/embed\/Fol7_AXVOkE?feature=oembed\" frameborder=\"0\" allow=\"accelerometer; autoplay; clipboard-write; encrypted-media; gyroscope; picture-in-picture; web-share\" referrerpolicy=\"strict-origin-when-cross-origin\" allowfullscreen><\/iframe>\n<\/div><figcaption>Norve\u0161ka<\/figcaption><\/figure>\n","protected":false},"excerpt":{"rendered":"<p>Snijeg koji je prekju\u010der padao na \u0161irem \u0161ibenskom podru\u010dju, a ju\u010der na dubrova\u010dkom ovih dana&#8230;<\/p>\n","protected":false},"author":1,"featured_media":415,"comment_status":"closed","ping_status":"open","sticky":false,"template":"","format":"standard","meta":{"_monsterinsights_skip_tracking":false,"_monsterinsights_sitenote_active":false,"_monsterinsights_sitenote_note":"","_monsterinsights_sitenote_category":0,"footnotes":""},"categories":[9],"tags":[],"class_list":["post-413","post","type-post","status-publish","format-standard","has-post-thumbnail","hentry","category-svijet"],"_links":{"self":[{"href":"https:\/\/sibenik-meteo.hr\/index.php\/wp-json\/wp\/v2\/posts\/413","targetHints":{"allow":["GET"]}}],"collection":[{"href":"https:\/\/sibenik-meteo.hr\/index.php\/wp-json\/wp\/v2\/posts"}],"about":[{"href":"https:\/\/sibenik-meteo.hr\/index.php\/wp-json\/wp\/v2\/types\/post"}],"author":[{"embeddable":true,"href":"https:\/\/sibenik-meteo.hr\/index.php\/wp-json\/wp\/v2\/users\/1"}],"replies":[{"embeddable":true,"href":"https:\/\/sibenik-meteo.hr\/index.php\/wp-json\/wp\/v2\/comments?post=413"}],"version-history":[{"count":1,"href":"https:\/\/sibenik-meteo.hr\/index.php\/wp-json\/wp\/v2\/posts\/413\/revisions"}],"predecessor-version":[{"id":418,"href":"https:\/\/sibenik-meteo.hr\/index.php\/wp-json\/wp\/v2\/posts\/413\/revisions\/418"}],"wp:featuredmedia":[{"embeddable":true,"href":"https:\/\/sibenik-meteo.hr\/index.php\/wp-json\/wp\/v2\/media\/415"}],"wp:attachment":[{"href":"https:\/\/sibenik-meteo.hr\/index.php\/wp-json\/wp\/v2\/media?parent=413"}],"wp:term":[{"taxonomy":"category","embeddable":true,"href":"https:\/\/sibenik-meteo.hr\/index.php\/wp-json\/wp\/v2\/categories?post=413"},{"taxonomy":"post_tag","embeddable":true,"href":"https:\/\/sibenik-meteo.hr\/index.php\/wp-json\/wp\/v2\/tags?post=413"}],"curies":[{"name":"wp","href":"https:\/\/api.w.org\/{rel}","templated":true}]}}