{"id":4087,"date":"2023-02-06T11:04:28","date_gmt":"2023-02-06T10:04:28","guid":{"rendered":"https:\/\/sibenik-meteo.hr\/?p=4087"},"modified":"2023-02-06T11:49:36","modified_gmt":"2023-02-06T10:49:36","slug":"tjedan-stabilnog-ali-i-vrlo-hladnog-vremena","status":"publish","type":"post","link":"https:\/\/sibenik-meteo.hr\/index.php\/2023\/02\/06\/tjedan-stabilnog-ali-i-vrlo-hladnog-vremena\/","title":{"rendered":"Tjedan stabilnog ali i vrlo hladnog vremena"},"content":{"rendered":"\n<p>Anticikonalni greben koji se sa sjevera kontinenta pru\u017ea prema Jadranu u kombinaciji sa ciklonom koja se sa sredi\u0161tem nalazi u isto\u010dnom Sredozemlju stvorili su idealne uvjete za spu\u0161tanje hladne zra\u010dne mase sa sjevera kontinenta duboko na jug, a zbog velike razlike u tlaku zraka na relativno malom prostoru cijeli doga\u0111aj popra\u0107en je izrazito vjetrovitim vremenom.<\/p>\n\n\n\n<p>Hladna i suha zra\u010dna masa nad ovim prostorima ostati \u0107e ve\u0107i dio tjedna, a kako \u0107e dominacija vrlo jake anticiklone biti sve izra\u017eenija uz dosta sun\u010danih sati dnevne temperature zraka \u0107e postupno iz dana u dan biti u porastu dok \u0107e one no\u0107ne zbog slabljenja vjetra i vedrih no\u0107i biti jo\u0161 ni\u017ee.<\/p>\n\n\n\n<p>Jutros na na\u0161em podru\u010dju prevladava umjereno do prete\u017eno obla\u010dno vrijeme uz visoku naoblaku. Hladno\u0107u dodatno poja\u010dava umjerena do umjereno jaka bura, a temperature zraka nakon jutarnjih minusa polako uz obalu prelaze u pozitivne vrijednosti. U nastavku dana prevladavati \u0107e sli\u010dne vremenske prilike pa \u0107e se zadr\u017eavati umjereno do prete\u017eno obla\u010dno vrijeme uz umjereno jaku buru i temperature zraka izme\u0111u -1 do 4\u00b0C.<\/p>\n\n\n\n<p>Od sutra pa do petka prevladavati \u0107e djelomice do prete\u017eno sun\u010dano vrijeme uz slabu do umjerenu buru. Dnevne temperature zraka \u0107e iz dana u dan biti za stupanj do dva vi\u0161e, odnosono u utorak se o\u010dekuju maksimalne vrijednosti oko 6, a u petak do 10\u00b0C. No\u0107i \u0107e biti jo\u0161 hladnije pa \u0107e se minusi uz obalu spustiti do -3, a u zale\u0111u do -7\u00b0C.<\/p>\n\n\n\n<p>I u danima vikenda prevladavati \u0107e djelomice do prete\u017eno sun\u010dano vrijeme uz slabe do umjerene vjetrove sjeverozapadnih i sjevernih smjerova. Nastaviti \u0107e se lagani trend porasta temperatura zraka koje \u0107e se kretati izme\u0111u nule i 9, a u nedjelju i do 12\u00b0C.<br><\/p>\n","protected":false},"excerpt":{"rendered":"<p>Anticikonalni greben koji se sa sjevera kontinenta pru\u017ea prema Jadranu u kombinaciji sa ciklonom koja&#8230;<\/p>\n","protected":false},"author":1,"featured_media":666,"comment_status":"closed","ping_status":"open","sticky":false,"template":"","format":"standard","meta":{"_monsterinsights_skip_tracking":false,"_monsterinsights_sitenote_active":false,"_monsterinsights_sitenote_note":"","_monsterinsights_sitenote_category":0,"footnotes":""},"categories":[3],"tags":[222,57,143,502],"class_list":["post-4087","post","type-post","status-publish","format-standard","has-post-thumbnail","hentry","category-lokalno-vrijeme","tag-lokalna-prognoza","tag-sibenik-meteo","tag-tjedna-prognoza","tag-vremenska-prognoza"],"_links":{"self":[{"href":"https:\/\/sibenik-meteo.hr\/index.php\/wp-json\/wp\/v2\/posts\/4087","targetHints":{"allow":["GET"]}}],"collection":[{"href":"https:\/\/sibenik-meteo.hr\/index.php\/wp-json\/wp\/v2\/posts"}],"about":[{"href":"https:\/\/sibenik-meteo.hr\/index.php\/wp-json\/wp\/v2\/types\/post"}],"author":[{"embeddable":true,"href":"https:\/\/sibenik-meteo.hr\/index.php\/wp-json\/wp\/v2\/users\/1"}],"replies":[{"embeddable":true,"href":"https:\/\/sibenik-meteo.hr\/index.php\/wp-json\/wp\/v2\/comments?post=4087"}],"version-history":[{"count":2,"href":"https:\/\/sibenik-meteo.hr\/index.php\/wp-json\/wp\/v2\/posts\/4087\/revisions"}],"predecessor-version":[{"id":4089,"href":"https:\/\/sibenik-meteo.hr\/index.php\/wp-json\/wp\/v2\/posts\/4087\/revisions\/4089"}],"wp:featuredmedia":[{"embeddable":true,"href":"https:\/\/sibenik-meteo.hr\/index.php\/wp-json\/wp\/v2\/media\/666"}],"wp:attachment":[{"href":"https:\/\/sibenik-meteo.hr\/index.php\/wp-json\/wp\/v2\/media?parent=4087"}],"wp:term":[{"taxonomy":"category","embeddable":true,"href":"https:\/\/sibenik-meteo.hr\/index.php\/wp-json\/wp\/v2\/categories?post=4087"},{"taxonomy":"post_tag","embeddable":true,"href":"https:\/\/sibenik-meteo.hr\/index.php\/wp-json\/wp\/v2\/tags?post=4087"}],"curies":[{"name":"wp","href":"https:\/\/api.w.org\/{rel}","templated":true}]}}