{"id":3792,"date":"2022-12-02T11:15:34","date_gmt":"2022-12-02T10:15:34","guid":{"rendered":"https:\/\/sibenik-meteo.hr\/?p=3792"},"modified":"2022-12-02T11:15:35","modified_gmt":"2022-12-02T10:15:35","slug":"vikend-tmuran-uz-povremenu-kisu-i-jugo","status":"publish","type":"post","link":"https:\/\/sibenik-meteo.hr\/index.php\/2022\/12\/02\/vikend-tmuran-uz-povremenu-kisu-i-jugo\/","title":{"rendered":"Vikend tmuran uz povremenu ki\u0161u i jugo"},"content":{"rendered":"\n<p>Iako su po\u010detkom tjedna prognosti\u010dki modeli sugerirali promjenjivo vrijeme u danima vikenda jutro\u0161nji modeli osim \u0161to su ostali ustrajni u najavi daju i dodatnu mogu\u0107nost za lokalno izglednije oborine.<\/p>\n\n\n\n<p>Sa  sjeveroistoka kontinenta prema Jadranu se pru\u017ea anticiklonalni greben, a po visini pritje\u010de vla\u017ean i nestabilna zrak.  Upravo iz tog razloga ovaj dio zemlje u danima vikenda biti \u0107e i najnestabilniji uz \u010destu pojavu ki\u0161e i pljuskova, a lokalno postoji i mogu\u0107nosti za poneki neverin.<\/p>\n\n\n\n<p>Jutros na \u0161ibenskom podru\u010dju prevladava umjereno do prete\u017eno obla\u010dno vrijeme uz slab levanat. Temperature zraka uz obalu se kre\u0107u oko 13, a u zale\u0111u od 7 do 10\u00b0C. U nastavku dana prevladavati \u0107e sli\u010dne vremenske prilike uz naznaku da se u ve\u010dernjim satima o\u010dekuje slaba ki\u0161a. Vjetar \u0107e postupno sa levanta okrenuti na jugo koje \u0107e biti u postupnom ja\u010danju. Temperature zraka biti \u0107e bez ve\u0107e promjene i kretati se od 6 do 13\u00b0C.<\/p>\n\n\n\n<p>U subotu prete\u017eno obla\u010dno uz povremenu ki\u0161u i lokalne pljuskove koji mogu biti pra\u0107eni i grmljavinom. Puhati \u0107e umjereno, a na moru umjereno jako jugo. Temperature zraka biti \u0107e u porastu i kretati se od jutarnjih 12 do maksimalno dnevnih 14\u00b0C.<\/p>\n\n\n\n<p>Nestabilno \u0107e se zadr\u017eati i u prvom dijelu nedjelje kada \u0107e prevladavati prete\u017eno obla\u010dno vrijeme uz povremenu ki\u0161u i pljuskove, a od sredine dana nastupiti \u0107e raskidanje naoblake. Jugo koje \u0107e u no\u0107i na moru imati i jake udare tijekom dana \u0107e slabiti i nave\u010der okrenuti na slabe promjenjive smjerove.  Temperature zraka sa ju\u017einom \u0107e dodatno za stupanj do dva porasti, odnosno kretati \u0107e se izme\u0111u 12 i 16\u00b0C.<\/p>\n\n\n\n<div class=\"wp-block-image\"><figure class=\"aligncenter\"><img loading=\"lazy\" decoding=\"async\" width=\"720\" height=\"720\" src=\"https:\/\/sibenik-meteo.hr\/wp-content\/uploads\/2022\/12\/web_fronte_sutra12.jpg\" alt=\"\" class=\"wp-image-3793\" srcset=\"https:\/\/sibenik-meteo.hr\/wp-content\/uploads\/2022\/12\/web_fronte_sutra12.jpg 720w, https:\/\/sibenik-meteo.hr\/wp-content\/uploads\/2022\/12\/web_fronte_sutra12-150x150.jpg 150w, https:\/\/sibenik-meteo.hr\/wp-content\/uploads\/2022\/12\/web_fronte_sutra12-300x300.jpg 300w\" sizes=\"auto, (max-width: 720px) 100vw, 720px\" \/><figcaption>Izvor: DHMZ<\/figcaption><\/figure><\/div>\n","protected":false},"excerpt":{"rendered":"<p>Iako su po\u010detkom tjedna prognosti\u010dki modeli sugerirali promjenjivo vrijeme u danima vikenda jutro\u0161nji modeli osim&#8230;<\/p>\n","protected":false},"author":1,"featured_media":2533,"comment_status":"closed","ping_status":"open","sticky":false,"template":"","format":"standard","meta":{"_monsterinsights_skip_tracking":false,"_monsterinsights_sitenote_active":false,"_monsterinsights_sitenote_note":"","_monsterinsights_sitenote_category":0,"footnotes":""},"categories":[3],"tags":[49,100,40,222,382,340],"class_list":["post-3792","post","type-post","status-publish","format-standard","has-post-thumbnail","hentry","category-lokalno-vrijeme","tag-jadran","tag-jugo","tag-kisa","tag-lokalna-prognoza","tag-sibensko-kninska-zupanija","tag-vikend-prognoza"],"_links":{"self":[{"href":"https:\/\/sibenik-meteo.hr\/index.php\/wp-json\/wp\/v2\/posts\/3792","targetHints":{"allow":["GET"]}}],"collection":[{"href":"https:\/\/sibenik-meteo.hr\/index.php\/wp-json\/wp\/v2\/posts"}],"about":[{"href":"https:\/\/sibenik-meteo.hr\/index.php\/wp-json\/wp\/v2\/types\/post"}],"author":[{"embeddable":true,"href":"https:\/\/sibenik-meteo.hr\/index.php\/wp-json\/wp\/v2\/users\/1"}],"replies":[{"embeddable":true,"href":"https:\/\/sibenik-meteo.hr\/index.php\/wp-json\/wp\/v2\/comments?post=3792"}],"version-history":[{"count":1,"href":"https:\/\/sibenik-meteo.hr\/index.php\/wp-json\/wp\/v2\/posts\/3792\/revisions"}],"predecessor-version":[{"id":3794,"href":"https:\/\/sibenik-meteo.hr\/index.php\/wp-json\/wp\/v2\/posts\/3792\/revisions\/3794"}],"wp:featuredmedia":[{"embeddable":true,"href":"https:\/\/sibenik-meteo.hr\/index.php\/wp-json\/wp\/v2\/media\/2533"}],"wp:attachment":[{"href":"https:\/\/sibenik-meteo.hr\/index.php\/wp-json\/wp\/v2\/media?parent=3792"}],"wp:term":[{"taxonomy":"category","embeddable":true,"href":"https:\/\/sibenik-meteo.hr\/index.php\/wp-json\/wp\/v2\/categories?post=3792"},{"taxonomy":"post_tag","embeddable":true,"href":"https:\/\/sibenik-meteo.hr\/index.php\/wp-json\/wp\/v2\/tags?post=3792"}],"curies":[{"name":"wp","href":"https:\/\/api.w.org\/{rel}","templated":true}]}}