{"id":3783,"date":"2022-11-28T10:51:55","date_gmt":"2022-11-28T09:51:55","guid":{"rendered":"https:\/\/sibenik-meteo.hr\/?p=3783"},"modified":"2022-11-28T10:51:56","modified_gmt":"2022-11-28T09:51:56","slug":"tjedan-stabilnih-vremenskih-prilika","status":"publish","type":"post","link":"https:\/\/sibenik-meteo.hr\/index.php\/2022\/11\/28\/tjedan-stabilnih-vremenskih-prilika\/","title":{"rendered":"Tjedan stabilnih vremenskih prilika"},"content":{"rendered":"\n<p>Prostrana anticiklona sa sjevera kontinenta u ovom tjednu osigurati \u0107e stabilne vremenske prilike krajevima sjevernije od Sredozemlja u koje po rubu Azorske anticiklone pristi\u017ee nestabilan i vla\u017ean zrak sa Atlantika koji pak rezultira ciklonalom aktivno\u0161\u0107u. Od sredine tjedna i taj prolaz \u0107e se blokirati pa \u0107e se nestabilnosti iz zapadnog dijela premjestiti u srednji i isto\u010dni Mediteran.<\/p>\n\n\n\n<p>U ovakvom razvoju situacije Jadran \u0107e se na\u0107i na rubu dva bari\u010dka sustava pa \u0107e pod prevladavaju\u0107im utjecajem povi\u0161enog atmosferskog tlaka zraka prevladavati stabilno i djelomice sun\u010dano vrijeme. Do vikenda kada se o\u010dekuje okretanje vjetara na  jugo puhati \u0107e  bura koja \u0107e u srijedu biti poja\u010dana sa umjereno jakim do jakim udarima. U skladu sa klimatolo\u0161kim ulazom u zimu i temperature zraka \u0107e biti prohladne i kretati se od jutarnjih 5 do maksimalno dnevnih 12\u00b0C.<\/p>\n\n\n\n<p>U drugom dijelu petka zapuhati \u0107e jugo koje \u0107e u subotu poja\u010dati na umjereno. Prevladavati \u0107e djelomice sun\u010dano vrijeme uz promjenljivu naoblaku, a temperature zraka \u0107e biti u porastu i kretati se od 12 do 17\u00b0C.<br><\/p>\n","protected":false},"excerpt":{"rendered":"<p>Prostrana anticiklona sa sjevera kontinenta u ovom tjednu osigurati \u0107e stabilne vremenske prilike krajevima sjevernije&#8230;<\/p>\n","protected":false},"author":1,"featured_media":3784,"comment_status":"closed","ping_status":"open","sticky":false,"template":"","format":"standard","meta":{"_monsterinsights_skip_tracking":false,"_monsterinsights_sitenote_active":false,"_monsterinsights_sitenote_note":"","_monsterinsights_sitenote_category":0,"footnotes":""},"categories":[3],"tags":[49,222,382,67,143],"class_list":["post-3783","post","type-post","status-publish","format-standard","has-post-thumbnail","hentry","category-lokalno-vrijeme","tag-jadran","tag-lokalna-prognoza","tag-sibensko-kninska-zupanija","tag-sredozemlje","tag-tjedna-prognoza"],"_links":{"self":[{"href":"https:\/\/sibenik-meteo.hr\/index.php\/wp-json\/wp\/v2\/posts\/3783","targetHints":{"allow":["GET"]}}],"collection":[{"href":"https:\/\/sibenik-meteo.hr\/index.php\/wp-json\/wp\/v2\/posts"}],"about":[{"href":"https:\/\/sibenik-meteo.hr\/index.php\/wp-json\/wp\/v2\/types\/post"}],"author":[{"embeddable":true,"href":"https:\/\/sibenik-meteo.hr\/index.php\/wp-json\/wp\/v2\/users\/1"}],"replies":[{"embeddable":true,"href":"https:\/\/sibenik-meteo.hr\/index.php\/wp-json\/wp\/v2\/comments?post=3783"}],"version-history":[{"count":1,"href":"https:\/\/sibenik-meteo.hr\/index.php\/wp-json\/wp\/v2\/posts\/3783\/revisions"}],"predecessor-version":[{"id":3785,"href":"https:\/\/sibenik-meteo.hr\/index.php\/wp-json\/wp\/v2\/posts\/3783\/revisions\/3785"}],"wp:featuredmedia":[{"embeddable":true,"href":"https:\/\/sibenik-meteo.hr\/index.php\/wp-json\/wp\/v2\/media\/3784"}],"wp:attachment":[{"href":"https:\/\/sibenik-meteo.hr\/index.php\/wp-json\/wp\/v2\/media?parent=3783"}],"wp:term":[{"taxonomy":"category","embeddable":true,"href":"https:\/\/sibenik-meteo.hr\/index.php\/wp-json\/wp\/v2\/categories?post=3783"},{"taxonomy":"post_tag","embeddable":true,"href":"https:\/\/sibenik-meteo.hr\/index.php\/wp-json\/wp\/v2\/tags?post=3783"}],"curies":[{"name":"wp","href":"https:\/\/api.w.org\/{rel}","templated":true}]}}