{"id":363,"date":"2020-03-31T14:18:56","date_gmt":"2020-03-31T12:18:56","guid":{"rendered":"http:\/\/sibenik-meteo.hr\/?p=363"},"modified":"2020-03-31T14:18:56","modified_gmt":"2020-03-31T12:18:56","slug":"udar-munje-usmrtio-sestero-ljudi-u-indiji","status":"publish","type":"post","link":"https:\/\/sibenik-meteo.hr\/index.php\/2020\/03\/31\/udar-munje-usmrtio-sestero-ljudi-u-indiji\/","title":{"rendered":"Udar munje usmrtio \u0161estero ljudi u Indiji"},"content":{"rendered":"\n<p>\u0160est radnika na farmi od \ntoga dvije \u017eene poginuli su prilikom udara munje u kravu u gradu Kalamb i\n istoimenoj regiji u Indiji. \u017drtve je prona\u0161ao lokalni mje\u0161tanin, a pri \nudaru je nastradala i sama krava.<br><\/p>\n\n\n\n<p>Munje\n i gromovi su \u010desta pojava u Indiji u vrijeme monsuna koji po\u010dinju u \nlipnju i traju do rujna. Me\u0111utim u ovom regiji udari groma su \u010desti i \nprije po\u010detka sezone monsuna.<\/p>\n\n\n\n<p>Hladni\n vjetrovi sa arapskog mora sudaraju se s toplijim vjetrovima iz sjeverne\n Indije \u0161to dovodi do iniciranja vi\u0161e oblaka nego \u0161to je to uobi\u010dajeno i\n samim time i do pojave jakih grmljaviskih nevremena.<\/p>\n\n\n\n<p>Zbog\n velikog broja ljudi koji rade i \u017eive na otvorenom kao i slabo razvijene\n mre\u017ee za uzbunjivanje svake godine u Indiji od udara munje strada \ngotovo 2000 ljudi.<\/p>\n","protected":false},"excerpt":{"rendered":"<p>\u0160est radnika na farmi od toga dvije \u017eene poginuli su prilikom udara munje u kravu&#8230;<\/p>\n","protected":false},"author":1,"featured_media":364,"comment_status":"closed","ping_status":"open","sticky":false,"template":"","format":"standard","meta":{"_monsterinsights_skip_tracking":false,"_monsterinsights_sitenote_active":false,"_monsterinsights_sitenote_note":"","_monsterinsights_sitenote_category":0,"footnotes":""},"categories":[9],"tags":[],"class_list":["post-363","post","type-post","status-publish","format-standard","has-post-thumbnail","hentry","category-svijet"],"_links":{"self":[{"href":"https:\/\/sibenik-meteo.hr\/index.php\/wp-json\/wp\/v2\/posts\/363","targetHints":{"allow":["GET"]}}],"collection":[{"href":"https:\/\/sibenik-meteo.hr\/index.php\/wp-json\/wp\/v2\/posts"}],"about":[{"href":"https:\/\/sibenik-meteo.hr\/index.php\/wp-json\/wp\/v2\/types\/post"}],"author":[{"embeddable":true,"href":"https:\/\/sibenik-meteo.hr\/index.php\/wp-json\/wp\/v2\/users\/1"}],"replies":[{"embeddable":true,"href":"https:\/\/sibenik-meteo.hr\/index.php\/wp-json\/wp\/v2\/comments?post=363"}],"version-history":[{"count":1,"href":"https:\/\/sibenik-meteo.hr\/index.php\/wp-json\/wp\/v2\/posts\/363\/revisions"}],"predecessor-version":[{"id":365,"href":"https:\/\/sibenik-meteo.hr\/index.php\/wp-json\/wp\/v2\/posts\/363\/revisions\/365"}],"wp:featuredmedia":[{"embeddable":true,"href":"https:\/\/sibenik-meteo.hr\/index.php\/wp-json\/wp\/v2\/media\/364"}],"wp:attachment":[{"href":"https:\/\/sibenik-meteo.hr\/index.php\/wp-json\/wp\/v2\/media?parent=363"}],"wp:term":[{"taxonomy":"category","embeddable":true,"href":"https:\/\/sibenik-meteo.hr\/index.php\/wp-json\/wp\/v2\/categories?post=363"},{"taxonomy":"post_tag","embeddable":true,"href":"https:\/\/sibenik-meteo.hr\/index.php\/wp-json\/wp\/v2\/tags?post=363"}],"curies":[{"name":"wp","href":"https:\/\/api.w.org\/{rel}","templated":true}]}}