{"id":3627,"date":"2022-09-29T07:41:32","date_gmt":"2022-09-29T05:41:32","guid":{"rendered":"https:\/\/sibenik-meteo.hr\/?p=3627"},"modified":"2022-09-29T07:59:13","modified_gmt":"2022-09-29T05:59:13","slug":"uragan-ian-opustosio-floridu","status":"publish","type":"post","link":"https:\/\/sibenik-meteo.hr\/index.php\/2022\/09\/29\/uragan-ian-opustosio-floridu\/","title":{"rendered":"Uragan Ian opusto\u0161io Floridu"},"content":{"rendered":"\n<p>Uragan Ian nakon \u0161to je prethodno cijelu Kubu ostavio u mraku sino\u0107 se po na\u0161em vremenu obru\u0161io na zapadne obale srednje Floride. Guverner te ameri\u010dke savezne dr\u017eave sino\u0107 je izjavio da je Ian jedan od najrazornijih uragana koji je do sada pogodio Floridu.<\/p>\n\n\n\n<div class=\"wp-block-image\"><figure class=\"aligncenter\"><img loading=\"lazy\" decoding=\"async\" width=\"1024\" height=\"576\" src=\"https:\/\/sibenik-meteo.hr\/wp-content\/uploads\/2022\/09\/C56366F7-18C3-4293-9C5F-450806D70A70-1024x576.png\" alt=\"\" class=\"wp-image-3629\" srcset=\"https:\/\/sibenik-meteo.hr\/wp-content\/uploads\/2022\/09\/C56366F7-18C3-4293-9C5F-450806D70A70-1024x576.png 1024w, https:\/\/sibenik-meteo.hr\/wp-content\/uploads\/2022\/09\/C56366F7-18C3-4293-9C5F-450806D70A70-300x169.png 300w, https:\/\/sibenik-meteo.hr\/wp-content\/uploads\/2022\/09\/C56366F7-18C3-4293-9C5F-450806D70A70-768x432.png 768w, https:\/\/sibenik-meteo.hr\/wp-content\/uploads\/2022\/09\/C56366F7-18C3-4293-9C5F-450806D70A70.png 1334w\" sizes=\"auto, (max-width: 1024px) 100vw, 1024px\" \/><figcaption>Uragan Ian, screenshot YouTube<\/figcaption><\/figure><\/div>\n\n\n\n<p>Prema trenutno dostupnim podacima uzrokovao je katastrofalne\npoplave i nestanak struje diljem savezne dr\u017eave Florida. Uragan sa brzinom\nvjetra od 158km\/h &nbsp;udario je u kopno u\n15:05h po lokalnom vremenu u srijedu kod Cayo Coste.<\/p>\n\n\n\n<p>U nevremenu je potonuo brod s migrantima pa obalna stra\u017ea trenutno\ntraga za 20 ljudi koji se smatraju nestalima u brodolomu. Vi\u0161e o 2 milijuna ku\u0107anstava\nostalo je bez struje, a mnoge ku\u0107e i infrastrukturni objekti su o\u0161te\u0107eni ili\nuni\u0161teni.<\/p>\n\n\n\n<p>Uragan Ian 4 kategorije oslabio je na tre\u0107u i premje\u0161ta se preko kopnenog dijela Floride prema Atlanskom oceanu i isto\u010dnoj obali.<\/p>\n\n\n\n<figure class=\"wp-block-embed-youtube aligncenter wp-block-embed is-type-video is-provider-youtube wp-embed-aspect-16-9 wp-has-aspect-ratio\"><div class=\"wp-block-embed__wrapper\">\n<iframe loading=\"lazy\" title=\"155 MPH Hurricane Ian Hits Florida\" width=\"640\" height=\"360\" src=\"https:\/\/www.youtube.com\/embed\/-t6iIGSfYYM?feature=oembed\" frameborder=\"0\" allow=\"accelerometer; autoplay; clipboard-write; encrypted-media; gyroscope; picture-in-picture; web-share\" referrerpolicy=\"strict-origin-when-cross-origin\" allowfullscreen><\/iframe>\n<\/div><\/figure>\n","protected":false},"excerpt":{"rendered":"<p>Uragan Ian nakon \u0161to je prethodno cijelu Kubu ostavio u mraku sino\u0107 se po na\u0161em&#8230;<\/p>\n","protected":false},"author":1,"featured_media":3630,"comment_status":"closed","ping_status":"open","sticky":false,"template":"","format":"standard","meta":{"_monsterinsights_skip_tracking":false,"_monsterinsights_sitenote_active":false,"_monsterinsights_sitenote_note":"","_monsterinsights_sitenote_category":0,"footnotes":""},"categories":[9],"tags":[411,476,96,81,447],"class_list":["post-3627","post","type-post","status-publish","format-standard","has-post-thumbnail","hentry","category-svijet","tag-florida","tag-ian","tag-nevrijeme","tag-sad","tag-uragan"],"_links":{"self":[{"href":"https:\/\/sibenik-meteo.hr\/index.php\/wp-json\/wp\/v2\/posts\/3627","targetHints":{"allow":["GET"]}}],"collection":[{"href":"https:\/\/sibenik-meteo.hr\/index.php\/wp-json\/wp\/v2\/posts"}],"about":[{"href":"https:\/\/sibenik-meteo.hr\/index.php\/wp-json\/wp\/v2\/types\/post"}],"author":[{"embeddable":true,"href":"https:\/\/sibenik-meteo.hr\/index.php\/wp-json\/wp\/v2\/users\/1"}],"replies":[{"embeddable":true,"href":"https:\/\/sibenik-meteo.hr\/index.php\/wp-json\/wp\/v2\/comments?post=3627"}],"version-history":[{"count":3,"href":"https:\/\/sibenik-meteo.hr\/index.php\/wp-json\/wp\/v2\/posts\/3627\/revisions"}],"predecessor-version":[{"id":3632,"href":"https:\/\/sibenik-meteo.hr\/index.php\/wp-json\/wp\/v2\/posts\/3627\/revisions\/3632"}],"wp:featuredmedia":[{"embeddable":true,"href":"https:\/\/sibenik-meteo.hr\/index.php\/wp-json\/wp\/v2\/media\/3630"}],"wp:attachment":[{"href":"https:\/\/sibenik-meteo.hr\/index.php\/wp-json\/wp\/v2\/media?parent=3627"}],"wp:term":[{"taxonomy":"category","embeddable":true,"href":"https:\/\/sibenik-meteo.hr\/index.php\/wp-json\/wp\/v2\/categories?post=3627"},{"taxonomy":"post_tag","embeddable":true,"href":"https:\/\/sibenik-meteo.hr\/index.php\/wp-json\/wp\/v2\/tags?post=3627"}],"curies":[{"name":"wp","href":"https:\/\/api.w.org\/{rel}","templated":true}]}}