{"id":3606,"date":"2022-09-27T13:32:18","date_gmt":"2022-09-27T11:32:18","guid":{"rendered":"https:\/\/sibenik-meteo.hr\/?p=3606"},"modified":"2022-09-27T13:32:20","modified_gmt":"2022-09-27T11:32:20","slug":"pijavica-kod-otoka-iza-potopila-ribarski-brod","status":"publish","type":"post","link":"https:\/\/sibenik-meteo.hr\/index.php\/2022\/09\/27\/pijavica-kod-otoka-iza-potopila-ribarski-brod\/","title":{"rendered":"Pijavica kod otoka I\u017ea potopila ribarski brod"},"content":{"rendered":"\n<p>Ribarski brod Atlant potonuo je jutros ispred punte Parde, najju\u017enijeg rta otoka I\u017ea, a kako doznaje <a href=\"https:\/\/www.morski.hr\/pijavica-kod-iza-potopila-ribarski-brod\/\"><em>Morski<\/em><\/a>.hr havariji je kumovala pijavica.<div><br>Zasad jo\u0161 nemamo slu\u017ebenih informacija o doga\u0111aju jer traju izvidi Lu\u010dke kapetanije Zadar i Ministarstva mora, no potvr\u0111eno nam je da je posada spa\u0161ena.<br>Aplikacija Vesselfinder pokazuje da je brod isplovio iz Kukljice na otoku Ugljanu, te je neko vrijeme plovio ili ribario ispred Sali i \u017dmana na Dugom otoku, da bi potom krenuo najvjerojatnije natrag u Kukljicu. No jutros oko 7 sati prestaje mu raditi signal Automatskog identifikacijskog sustava (AIS) u blizini punte Parde na otoku I\u017eu.<\/div><\/p>\n\n\n\n<p>&#8211; Kako su oni meni rekli, u momentu je do\u0161la pijavica i okrenula ih je &#8211; rekla nam je vidno potresena Ingrid Blagdan, supruga vlasnika broda \u0160ime Blagdana.<\/p>\n\n\n\n<figure class=\"wp-block-image\"><img loading=\"lazy\" decoding=\"async\" width=\"1000\" height=\"563\" src=\"https:\/\/sibenik-meteo.hr\/wp-content\/uploads\/2022\/09\/Ribarica-Atlant-AIS.jpg\" alt=\"\" class=\"wp-image-3607\" srcset=\"https:\/\/sibenik-meteo.hr\/wp-content\/uploads\/2022\/09\/Ribarica-Atlant-AIS.jpg 1000w, https:\/\/sibenik-meteo.hr\/wp-content\/uploads\/2022\/09\/Ribarica-Atlant-AIS-300x169.jpg 300w, https:\/\/sibenik-meteo.hr\/wp-content\/uploads\/2022\/09\/Ribarica-Atlant-AIS-768x432.jpg 768w\" sizes=\"auto, (max-width: 1000px) 100vw, 1000px\" \/><figcaption>Kretanje ribarice prema AIS-u<\/figcaption><\/figure>\n","protected":false},"excerpt":{"rendered":"<p>Ribarski brod Atlant potonuo je jutros ispred punte Parde, najju\u017enijeg rta otoka I\u017ea, a kako&#8230;<\/p>\n","protected":false},"author":2,"featured_media":2239,"comment_status":"closed","ping_status":"open","sticky":false,"template":"","format":"standard","meta":{"_monsterinsights_skip_tracking":false,"_monsterinsights_sitenote_active":false,"_monsterinsights_sitenote_note":"","_monsterinsights_sitenote_category":0,"footnotes":""},"categories":[10],"tags":[473,96,105,474],"class_list":["post-3606","post","type-post","status-publish","format-standard","has-post-thumbnail","hentry","category-hrvatska","tag-iz","tag-nevrijeme","tag-pijavica","tag-ribarski-brod"],"_links":{"self":[{"href":"https:\/\/sibenik-meteo.hr\/index.php\/wp-json\/wp\/v2\/posts\/3606","targetHints":{"allow":["GET"]}}],"collection":[{"href":"https:\/\/sibenik-meteo.hr\/index.php\/wp-json\/wp\/v2\/posts"}],"about":[{"href":"https:\/\/sibenik-meteo.hr\/index.php\/wp-json\/wp\/v2\/types\/post"}],"author":[{"embeddable":true,"href":"https:\/\/sibenik-meteo.hr\/index.php\/wp-json\/wp\/v2\/users\/2"}],"replies":[{"embeddable":true,"href":"https:\/\/sibenik-meteo.hr\/index.php\/wp-json\/wp\/v2\/comments?post=3606"}],"version-history":[{"count":1,"href":"https:\/\/sibenik-meteo.hr\/index.php\/wp-json\/wp\/v2\/posts\/3606\/revisions"}],"predecessor-version":[{"id":3608,"href":"https:\/\/sibenik-meteo.hr\/index.php\/wp-json\/wp\/v2\/posts\/3606\/revisions\/3608"}],"wp:featuredmedia":[{"embeddable":true,"href":"https:\/\/sibenik-meteo.hr\/index.php\/wp-json\/wp\/v2\/media\/2239"}],"wp:attachment":[{"href":"https:\/\/sibenik-meteo.hr\/index.php\/wp-json\/wp\/v2\/media?parent=3606"}],"wp:term":[{"taxonomy":"category","embeddable":true,"href":"https:\/\/sibenik-meteo.hr\/index.php\/wp-json\/wp\/v2\/categories?post=3606"},{"taxonomy":"post_tag","embeddable":true,"href":"https:\/\/sibenik-meteo.hr\/index.php\/wp-json\/wp\/v2\/tags?post=3606"}],"curies":[{"name":"wp","href":"https:\/\/api.w.org\/{rel}","templated":true}]}}