{"id":3593,"date":"2022-09-25T10:13:34","date_gmt":"2022-09-25T08:13:34","guid":{"rendered":"https:\/\/sibenik-meteo.hr\/?p=3593"},"modified":"2022-09-25T10:15:57","modified_gmt":"2022-09-25T08:15:57","slug":"ex-uragan-fiona-pogodila-kanadu-japan-se-ponovno-nasao-na-udaru-tajfuna","status":"publish","type":"post","link":"https:\/\/sibenik-meteo.hr\/index.php\/2022\/09\/25\/ex-uragan-fiona-pogodila-kanadu-japan-se-ponovno-nasao-na-udaru-tajfuna\/","title":{"rendered":"Ex-uragan Fiona pogodila Kanadu, Japan se ponovno na\u0161ao na udaru tajfuna"},"content":{"rendered":"\n<p>Nacionalni centar za uragane objavio je da se uragan Fiona premje\u0161taju\u0107i prema sjeveru pretvorila u posttropsku ciklonu pokazuju\u0107i karakteristike oluje s tropskim karakteristikama.<\/p>\n\n\n\n<p>Gotovo tjedan dana nakon \u0161to je razorila dijelove Kariba oluja koja je sa sobom donijela vjetrove sa brzinama ve\u0107im od 150km\/h obru\u0161ila se na isto\u010dnu kanadsku obalu i uzrokovala nestanak struje u brojnim domovima, dok su obalu zapljusnuli valovi visine i do 12m! <\/p>\n\n\n\n<p>Stru\u010dnjaci su predvidjeli da \u0107e Fiona iako \u0107e postupno slabjeti u narednim danima uzrokovati i dalje jake vjetrove, olujna nevremena i obilne oborine. <\/p>\n\n\n\n<figure class=\"wp-block-embed-youtube aligncenter wp-block-embed is-type-video is-provider-youtube wp-embed-aspect-16-9 wp-has-aspect-ratio\"><div class=\"wp-block-embed__wrapper\">\n<iframe loading=\"lazy\" title=\"Hurricane Fiona Targeting Canada After Battering Bermuda\" width=\"640\" height=\"360\" src=\"https:\/\/www.youtube.com\/embed\/YR1cBr_9LDg?feature=oembed\" frameborder=\"0\" allow=\"accelerometer; autoplay; clipboard-write; encrypted-media; gyroscope; picture-in-picture; web-share\" referrerpolicy=\"strict-origin-when-cross-origin\" allowfullscreen><\/iframe>\n<\/div><\/figure>\n\n\n\n<p>Tajfun s olujnom ki\u0161om i jakim vjetrovima u subotu je pogodio sredi\u0161nji  Japan, usmrtiv\u0161i dvije osobe i ostaviv\u0161i desetke tisu\u0107a ku\u0107anstava bez  struje, izvijestila je novinska agencija <em>Kyodo<\/em>. <\/p>\n\n\n\n<p>Grad Shizuoka, jugozapadno od glavnog grada Tokija, posebno je te\u0161ko  pogo\u0111en. Kako je izvjestila Japanska meteorolo\u0161ka agencija (JMA) od \u010detvrtka je palno rekordnih 417 litara ki\u0161e po metru \u010detvornome.  <\/p>\n\n\n\n<p>Tako\u0111er u priop\u010denju stoji da je vjetar u sredi\u0161tu tajfuna Talas puhao brzinom od oko 65 km\/h, s najve\u0107im udarima od oko 90 km\/h.<\/p>\n\n\n\n<p> <\/p>\n\n\n\n<figure class=\"wp-block-embed-youtube aligncenter wp-block-embed is-type-video is-provider-youtube wp-embed-aspect-16-9 wp-has-aspect-ratio\"><div class=\"wp-block-embed__wrapper\">\nhttps:\/\/www.youtube.com\/watch?v=NZJZS3xT8vE&#038;t=82s\n<\/div><\/figure>\n","protected":false},"excerpt":{"rendered":"<p>Nacionalni centar za uragane objavio je da se uragan Fiona premje\u0161taju\u0107i prema sjeveru pretvorila u&#8230;<\/p>\n","protected":false},"author":2,"featured_media":3594,"comment_status":"closed","ping_status":"open","sticky":false,"template":"","format":"standard","meta":{"_monsterinsights_skip_tracking":false,"_monsterinsights_sitenote_active":false,"_monsterinsights_sitenote_note":"","_monsterinsights_sitenote_category":0,"footnotes":""},"categories":[9],"tags":[469,82,83,450,470,468],"class_list":["post-3593","post","type-post","status-publish","format-standard","has-post-thumbnail","hentry","category-svijet","tag-fiona","tag-japan","tag-kanada","tag-tajfun","tag-talas","tag-tropska-oluja"],"_links":{"self":[{"href":"https:\/\/sibenik-meteo.hr\/index.php\/wp-json\/wp\/v2\/posts\/3593","targetHints":{"allow":["GET"]}}],"collection":[{"href":"https:\/\/sibenik-meteo.hr\/index.php\/wp-json\/wp\/v2\/posts"}],"about":[{"href":"https:\/\/sibenik-meteo.hr\/index.php\/wp-json\/wp\/v2\/types\/post"}],"author":[{"embeddable":true,"href":"https:\/\/sibenik-meteo.hr\/index.php\/wp-json\/wp\/v2\/users\/2"}],"replies":[{"embeddable":true,"href":"https:\/\/sibenik-meteo.hr\/index.php\/wp-json\/wp\/v2\/comments?post=3593"}],"version-history":[{"count":2,"href":"https:\/\/sibenik-meteo.hr\/index.php\/wp-json\/wp\/v2\/posts\/3593\/revisions"}],"predecessor-version":[{"id":3596,"href":"https:\/\/sibenik-meteo.hr\/index.php\/wp-json\/wp\/v2\/posts\/3593\/revisions\/3596"}],"wp:featuredmedia":[{"embeddable":true,"href":"https:\/\/sibenik-meteo.hr\/index.php\/wp-json\/wp\/v2\/media\/3594"}],"wp:attachment":[{"href":"https:\/\/sibenik-meteo.hr\/index.php\/wp-json\/wp\/v2\/media?parent=3593"}],"wp:term":[{"taxonomy":"category","embeddable":true,"href":"https:\/\/sibenik-meteo.hr\/index.php\/wp-json\/wp\/v2\/categories?post=3593"},{"taxonomy":"post_tag","embeddable":true,"href":"https:\/\/sibenik-meteo.hr\/index.php\/wp-json\/wp\/v2\/tags?post=3593"}],"curies":[{"name":"wp","href":"https:\/\/api.w.org\/{rel}","templated":true}]}}