{"id":3545,"date":"2022-09-16T11:55:07","date_gmt":"2022-09-16T09:55:07","guid":{"rendered":"https:\/\/sibenik-meteo.hr\/?p=3545"},"modified":"2022-09-16T12:09:34","modified_gmt":"2022-09-16T10:09:34","slug":"vikend-donosi-naglu-promjenu-vremena-i-prelazak-iz-ljetnih-u-jesenske-vremenske-prilike","status":"publish","type":"post","link":"https:\/\/sibenik-meteo.hr\/index.php\/2022\/09\/16\/vikend-donosi-naglu-promjenu-vremena-i-prelazak-iz-ljetnih-u-jesenske-vremenske-prilike\/","title":{"rendered":"Vikend donosi naglu promjenu vremena i prelazak iz ljetnih u jesenske vremenske prilike"},"content":{"rendered":"\n<p>Najave prognosti\u010dkih modela i meteorolo\u0161kih slu\u017ebi o nagloj promjeni vremena koja \u0107e u jednom dahu otpuhati ljeto i uvesti nas u jesen polako se ostvaruje. Ve\u0107 ju\u010der su predfrontalne nestabilnosti dovele do lokalno ja\u010deg razvoja nevremena koje je primjerice u \u010cazmi kulminiralo u nevrijeme sa ogromnom materijalnom \u0161tetom. I podru\u010dje sjeverne Dalmacije na\u0161lo se ju\u010der na putu oborinsko-grmljavinske mase koja se protezala cijelom linijom Jadrana od talijanske regije Marche pa sve do Dinare i dalje u BiH pa je i na ovom prostoru lokalno bilo &#8220;dobrih&#8221; oborina.<\/p>\n\n\n\n<p>Dana\u0161nji dan te osobito prvi dio vikenda donijeti \u0107e nastavak nestabilnosti, a sve u skladu premje\u0161tanja ciklone sa pripadaju\u0107im frontalnim poreme\u0107ajem prema istoku. Zbog toga se sutra od sredine dana uz nizak tlak zraka od svega 998hPa lokalno o\u010dekuje izra\u017eenija grmljavinska nevremena te osobito na udare jaka i olujna bura.<\/p>\n\n\n\n<p>Tijekom petka uz obalu \u0107e prevladavati djelomice sun\u010dano vrijeme uz promjenljivu naoblaku. U zale\u0111u znatno vi\u0161e obla\u010dnih perioda, a pratiti \u0107e ih i povremeni pljuskovi. Puhati \u0107e slabo do umjereno jugo koje \u0107e nave\u010der okretati na o\u0161tro i jugozapadnjak. Temperature zraka bez ve\u0107e promjene u odnosu na prethodne dane uz dnevni hod od jutarnjih 21 do maksimalno dnevnih 28\u00b0C.<\/p>\n\n\n\n<p>U no\u0107i na subotu vjetar \u0107e postupno sa zapadnih okretati na slabe sjeverozapadne smjerove, a ujutro na slabu buru. Premje\u0161tanje ciklonalnog centra koje \u0107e se sredinom dana nalaziti na otvorenom moru srednjeg Jadrana rezultirati \u0107e naglim ja\u010danjem bure koja \u0107e poslijepodne pro\u0161iriti sa sjevernog Jadrana i imati jake do olujne udare. Sredina subote i rano poslijepodne donijeti \u0107e i glavninu pogor\u0161anja vremena koje \u0107e pratiti ki\u0161a i pljuskovi, a lokalno mo\u017ee biti i izra\u017eenijeg grmljavinskog nevremena. Nakon jo\u0161 relativno toplog prvog dijela dana u kojem \u0107e se temperature zraka kretati oko 23 stupnja sa ja\u010danjem bure uslijediti \u0107e zahla\u0111enje uz nagli pad temperature koja \u0107e se nave\u010der sniziti na svega 10-tak stupnjeva. U ve\u010dernjim i osobito no\u0107nim satima uz postupno slabljenje bure nastupiti \u0107e i prestanak oborina uz raskidanje naoblake.<\/p>\n\n\n\n<p>U nedjelju \u0107e prevladavati prete\u017eno vedro vrijeme, a tek na otvorenom moru lokalno postoji mogu\u0107nost za poneki izolirani neverin. Bura \u0107e naglo oslabiti i ve\u0107 od sredine jutra okrenuti na slabe sjeverozapadne smjerove ili \u0107e biti gotovo tiho. U odnosu na prethodne dane jutro prohladno uz temperature zraka oko 10-tak stupnjeva. Sredinom dana ipak toplije uz dnevne maksimalce od 20 do 22 stupnja.<\/p>\n\n\n\n<div class=\"wp-block-image\"><figure class=\"aligncenter\"><img loading=\"lazy\" decoding=\"async\" width=\"720\" height=\"720\" src=\"https:\/\/sibenik-meteo.hr\/wp-content\/uploads\/2022\/09\/web_fronte_sutra12.jpg\" alt=\"\" class=\"wp-image-3546\" srcset=\"https:\/\/sibenik-meteo.hr\/wp-content\/uploads\/2022\/09\/web_fronte_sutra12.jpg 720w, https:\/\/sibenik-meteo.hr\/wp-content\/uploads\/2022\/09\/web_fronte_sutra12-150x150.jpg 150w, https:\/\/sibenik-meteo.hr\/wp-content\/uploads\/2022\/09\/web_fronte_sutra12-300x300.jpg 300w\" sizes=\"auto, (max-width: 720px) 100vw, 720px\" \/><figcaption>Izvor: DHMZ<\/figcaption><\/figure><\/div>\n","protected":false},"excerpt":{"rendered":"<p>Najave prognosti\u010dkih modela i meteorolo\u0161kih slu\u017ebi o nagloj promjeni vremena koja \u0107e u jednom dahu&#8230;<\/p>\n","protected":false},"author":1,"featured_media":1992,"comment_status":"closed","ping_status":"open","sticky":false,"template":"","format":"standard","meta":{"_monsterinsights_skip_tracking":false,"_monsterinsights_sitenote_active":false,"_monsterinsights_sitenote_note":"","_monsterinsights_sitenote_category":0,"footnotes":""},"categories":[3],"tags":[222,61,382,340],"class_list":["post-3545","post","type-post","status-publish","format-standard","has-post-thumbnail","hentry","category-lokalno-vrijeme","tag-lokalna-prognoza","tag-sibenik","tag-sibensko-kninska-zupanija","tag-vikend-prognoza"],"_links":{"self":[{"href":"https:\/\/sibenik-meteo.hr\/index.php\/wp-json\/wp\/v2\/posts\/3545","targetHints":{"allow":["GET"]}}],"collection":[{"href":"https:\/\/sibenik-meteo.hr\/index.php\/wp-json\/wp\/v2\/posts"}],"about":[{"href":"https:\/\/sibenik-meteo.hr\/index.php\/wp-json\/wp\/v2\/types\/post"}],"author":[{"embeddable":true,"href":"https:\/\/sibenik-meteo.hr\/index.php\/wp-json\/wp\/v2\/users\/1"}],"replies":[{"embeddable":true,"href":"https:\/\/sibenik-meteo.hr\/index.php\/wp-json\/wp\/v2\/comments?post=3545"}],"version-history":[{"count":2,"href":"https:\/\/sibenik-meteo.hr\/index.php\/wp-json\/wp\/v2\/posts\/3545\/revisions"}],"predecessor-version":[{"id":3548,"href":"https:\/\/sibenik-meteo.hr\/index.php\/wp-json\/wp\/v2\/posts\/3545\/revisions\/3548"}],"wp:featuredmedia":[{"embeddable":true,"href":"https:\/\/sibenik-meteo.hr\/index.php\/wp-json\/wp\/v2\/media\/1992"}],"wp:attachment":[{"href":"https:\/\/sibenik-meteo.hr\/index.php\/wp-json\/wp\/v2\/media?parent=3545"}],"wp:term":[{"taxonomy":"category","embeddable":true,"href":"https:\/\/sibenik-meteo.hr\/index.php\/wp-json\/wp\/v2\/categories?post=3545"},{"taxonomy":"post_tag","embeddable":true,"href":"https:\/\/sibenik-meteo.hr\/index.php\/wp-json\/wp\/v2\/tags?post=3545"}],"curies":[{"name":"wp","href":"https:\/\/api.w.org\/{rel}","templated":true}]}}