{"id":3529,"date":"2022-09-12T11:19:54","date_gmt":"2022-09-12T09:19:54","guid":{"rendered":"https:\/\/sibenik-meteo.hr\/?p=3529"},"modified":"2022-09-12T13:00:18","modified_gmt":"2022-09-12T11:00:18","slug":"glavnina-ovotjednog-pogorsanja-vremena-stize-u-danima-vikenda","status":"publish","type":"post","link":"https:\/\/sibenik-meteo.hr\/index.php\/2022\/09\/12\/glavnina-ovotjednog-pogorsanja-vremena-stize-u-danima-vikenda\/","title":{"rendered":"Glavnina ovotjednog pogor\u0161anja vremena sti\u017ee u danima vikenda"},"content":{"rendered":"\n<p>Pod utjecajem grebena anticiklone jutro na Jadranu prolazi uz vedro vrijeme, a poja\u010dane bure ima uglavnom jo\u0161 podno Velebetia. U nastavku dana bura \u0107e i tu oslabiti i sve vi\u0161e okretati na umjeren, a na moru i poja\u010dan sjeverozapadnjak. Uz prete\u017eno vedro vrijeme temperature zraka kretati \u0107e se od 22 do 30\u00b0C.<\/p>\n\n\n\n<p>Frontalni poreme\u0107aj koji je dio pripadaju\u0107e ciklone koja \u0107e se u danima vikenda svojim sredi\u0161tem na\u0107i iznad Skandinavije na vrijeme kod nas \u0107e svojom glavninom djelovati u prvom dijelu vikenda. Ipak utjecaj pribli\u017eavanja sustava osjetiti \u0107e se ve\u0107 od sredine tjedna kada \u0107e zapuhati jugo.<\/p>\n\n\n\n<p>U takvim okolnostima i tijekom utorka \u0107e prevladavati prete\u017eno sun\u010dano vrijeme. Nakon slabe bure koja \u0107e puhati u no\u0107i danju se o\u010dekuje slab vjetar promjenjivih smjerova ili tiho. Temperature zraka \u0107e biti ugodne i kretati se od 18 do 28\u00b0C.<\/p>\n\n\n\n<p>Srijeda \u0107e biti preslika utorka ali uz naznaku da se nakon prete\u017eno tihog prvog dijela dana u drugom o\u010dekuje okretanje vjetra na slabe ju\u017ene i jugozapadne smjerove.<\/p>\n\n\n\n<p>U \u010detvrtak nastupaju prve predfrontalne aktivnosti koje \u0107e pratiti sve vi\u0161e oblaka, a ponegdje i to osobito u zale\u0111u poslijepodne uz ja\u010di razvoj naoblake nije isklju\u010dena mogu\u0107nost za pljusak ili neverin. Jugo \u0107e postupno ja\u010dati sa umjerenog na umjereno jako, a temperature zraka ostati \u0107e sli\u010dne onima iz prethodnih dana.<\/p>\n\n\n\n<p>Drugi dio petka prema dana\u0161njim prognosti\u010dkim materijalima donosi ja\u010de naobla\u010denje i ki\u0161u te mogu\u0107nost za grmljavinsko nevrijeme. Umjereno do umjereno jako jugo prema ve\u010deri \u0107e oslabiti i prolazno okrenuti na o\u0161tro i jugozapadnjak. Pad temperature zraka jo\u0161 se ne\u0107e osjetiti pa \u0107e dnevni hod temperatura zraka biti od jutarnjih 22 do maksimalno dnevnih 26\u00b0C.<\/p>\n\n\n\n<p>Prvi dio subote donosi nastavak nestabilnosti od petka uz prete\u017eno obla\u010dno vrijeme, ki\u0161u i lokalne neverine. U drugom dijelu dana o\u010dekuje se prestanak oborina i raskidanje naoblake uz sve vi\u0161e sun\u010danih perioda. Zapuhati \u0107e umjerena do umjereno jaka bura sa kojom \u0107e i osvje\u017eiti pa \u0107e se temperature zraka sniziti i kretati se od 18 do 22\u00b0C.<\/p>\n\n\n\n<p>U nedjelju \u0107e prevladavati prete\u017eno sun\u010dano vrijeme uz umjerenu buru koja \u0107e sredinom dana na moru okrenuti na sjeverozapadnjak. Uz temperature zraka od 15 do 22 stupnja vjetar \u0107e dodatno pridonjeti da osjet prohladnog vremena bude vi\u0161e izra\u017een.<br><\/p>\n","protected":false},"excerpt":{"rendered":"<p>Pod utjecajem grebena anticiklone jutro na Jadranu prolazi uz vedro vrijeme, a poja\u010dane bure ima&#8230;<\/p>\n","protected":false},"author":1,"featured_media":3530,"comment_status":"closed","ping_status":"open","sticky":false,"template":"","format":"standard","meta":{"_monsterinsights_skip_tracking":false,"_monsterinsights_sitenote_active":false,"_monsterinsights_sitenote_note":"","_monsterinsights_sitenote_category":0,"footnotes":""},"categories":[3],"tags":[222,76,61,382,143],"class_list":["post-3529","post","type-post","status-publish","format-standard","has-post-thumbnail","hentry","category-lokalno-vrijeme","tag-lokalna-prognoza","tag-prognoza-vremena","tag-sibenik","tag-sibensko-kninska-zupanija","tag-tjedna-prognoza"],"_links":{"self":[{"href":"https:\/\/sibenik-meteo.hr\/index.php\/wp-json\/wp\/v2\/posts\/3529","targetHints":{"allow":["GET"]}}],"collection":[{"href":"https:\/\/sibenik-meteo.hr\/index.php\/wp-json\/wp\/v2\/posts"}],"about":[{"href":"https:\/\/sibenik-meteo.hr\/index.php\/wp-json\/wp\/v2\/types\/post"}],"author":[{"embeddable":true,"href":"https:\/\/sibenik-meteo.hr\/index.php\/wp-json\/wp\/v2\/users\/1"}],"replies":[{"embeddable":true,"href":"https:\/\/sibenik-meteo.hr\/index.php\/wp-json\/wp\/v2\/comments?post=3529"}],"version-history":[{"count":2,"href":"https:\/\/sibenik-meteo.hr\/index.php\/wp-json\/wp\/v2\/posts\/3529\/revisions"}],"predecessor-version":[{"id":3533,"href":"https:\/\/sibenik-meteo.hr\/index.php\/wp-json\/wp\/v2\/posts\/3529\/revisions\/3533"}],"wp:featuredmedia":[{"embeddable":true,"href":"https:\/\/sibenik-meteo.hr\/index.php\/wp-json\/wp\/v2\/media\/3530"}],"wp:attachment":[{"href":"https:\/\/sibenik-meteo.hr\/index.php\/wp-json\/wp\/v2\/media?parent=3529"}],"wp:term":[{"taxonomy":"category","embeddable":true,"href":"https:\/\/sibenik-meteo.hr\/index.php\/wp-json\/wp\/v2\/categories?post=3529"},{"taxonomy":"post_tag","embeddable":true,"href":"https:\/\/sibenik-meteo.hr\/index.php\/wp-json\/wp\/v2\/tags?post=3529"}],"curies":[{"name":"wp","href":"https:\/\/api.w.org\/{rel}","templated":true}]}}