{"id":350,"date":"2020-03-30T14:42:17","date_gmt":"2020-03-30T12:42:17","guid":{"rendered":"http:\/\/sibenik-meteo.hr\/?p=350"},"modified":"2020-03-30T14:42:17","modified_gmt":"2020-03-30T12:42:17","slug":"sredisnji-dio-sad-na-udaru-tornada-i-jakog-nevremena","status":"publish","type":"post","link":"https:\/\/sibenik-meteo.hr\/index.php\/2020\/03\/30\/sredisnji-dio-sad-na-udaru-tornada-i-jakog-nevremena\/","title":{"rendered":"Sredi\u0161nji dio SAD na udaru tornada i jakog nevremena"},"content":{"rendered":"\n<p>Jake oluje koje su se ju\u010der\n kretale sredi\u0161njim dijelom SAD- donijele su najmanje 17 prijavljenih \ntornada i to osam u Iowa, tri u Arkansasu, jedan u Missouriju, \u010detiri u \nIllinoisu i jedan u Wisconsinu.<\/p>\n\n\n\n<p>U\n Jonesborou u Arkanzasu silovit tornado ozljedio je \u0161est osoba te \npri\u010dinio veliku materijalnu \u0161tetu, dok je u posljednja 24 sata bilo je \nnajmanje 190 izvje\u0161taja o izra\u017eenijem nevremenu na podru\u010dju od srednjeg \nzapada prema jugu i do doline Ohio.<\/p>\n\n\n\n<p>Oluje su lokalno donijele i obilnu ki\u0161u na velikom podru\u010dju od savezne dr\u017eave Iowe do Pennsylvanije.<\/p>\n","protected":false},"excerpt":{"rendered":"<p>Jake oluje koje su se ju\u010der kretale sredi\u0161njim dijelom SAD- donijele su najmanje 17 prijavljenih&#8230;<\/p>\n","protected":false},"author":1,"featured_media":351,"comment_status":"closed","ping_status":"open","sticky":false,"template":"","format":"standard","meta":{"_monsterinsights_skip_tracking":false,"_monsterinsights_sitenote_active":false,"_monsterinsights_sitenote_note":"","_monsterinsights_sitenote_category":0,"footnotes":""},"categories":[9],"tags":[],"class_list":["post-350","post","type-post","status-publish","format-standard","has-post-thumbnail","hentry","category-svijet"],"_links":{"self":[{"href":"https:\/\/sibenik-meteo.hr\/index.php\/wp-json\/wp\/v2\/posts\/350","targetHints":{"allow":["GET"]}}],"collection":[{"href":"https:\/\/sibenik-meteo.hr\/index.php\/wp-json\/wp\/v2\/posts"}],"about":[{"href":"https:\/\/sibenik-meteo.hr\/index.php\/wp-json\/wp\/v2\/types\/post"}],"author":[{"embeddable":true,"href":"https:\/\/sibenik-meteo.hr\/index.php\/wp-json\/wp\/v2\/users\/1"}],"replies":[{"embeddable":true,"href":"https:\/\/sibenik-meteo.hr\/index.php\/wp-json\/wp\/v2\/comments?post=350"}],"version-history":[{"count":1,"href":"https:\/\/sibenik-meteo.hr\/index.php\/wp-json\/wp\/v2\/posts\/350\/revisions"}],"predecessor-version":[{"id":352,"href":"https:\/\/sibenik-meteo.hr\/index.php\/wp-json\/wp\/v2\/posts\/350\/revisions\/352"}],"wp:featuredmedia":[{"embeddable":true,"href":"https:\/\/sibenik-meteo.hr\/index.php\/wp-json\/wp\/v2\/media\/351"}],"wp:attachment":[{"href":"https:\/\/sibenik-meteo.hr\/index.php\/wp-json\/wp\/v2\/media?parent=350"}],"wp:term":[{"taxonomy":"category","embeddable":true,"href":"https:\/\/sibenik-meteo.hr\/index.php\/wp-json\/wp\/v2\/categories?post=350"},{"taxonomy":"post_tag","embeddable":true,"href":"https:\/\/sibenik-meteo.hr\/index.php\/wp-json\/wp\/v2\/tags?post=350"}],"curies":[{"name":"wp","href":"https:\/\/api.w.org\/{rel}","templated":true}]}}