{"id":347,"date":"2020-03-30T11:10:31","date_gmt":"2020-03-30T09:10:31","guid":{"rendered":"http:\/\/sibenik-meteo.hr\/?p=347"},"modified":"2020-03-30T11:10:31","modified_gmt":"2020-03-30T09:10:31","slug":"tjedna-prognoza-prohladan-pocetak-travnja","status":"publish","type":"post","link":"https:\/\/sibenik-meteo.hr\/index.php\/2020\/03\/30\/tjedna-prognoza-prohladan-pocetak-travnja\/","title":{"rendered":"Tjedna prognoza: Prohladan po\u010detak travnja"},"content":{"rendered":"\n<p>Kraj o\u017eujka i po\u010detak travnja donose nam novo izra\u017eenije zahla\u0111enje uz tek lokalno slabe oborine, a krivac za to je anticiklona nad Atlantikom koja je stvorila blok zapadnim strujanjima i po \u010dijem rubu se sa sjevera kontinenta prema jugu premje\u0161ta hladna zra\u010dna masa. Nakon hladne fronte koja \u0107e se preko nas premjestiti u prvom dijelu tjedna, u drugom \u0107e ja\u010danje grebena anticiklone donijeti stabilnije vremenske prilike ali i dalje uz prohladne temperature zraka za doba godine.<\/p>\n\n\n\n<p>U nastavku dana do\u0107i \u0107e do postupnog porasta naoblake uz mogu\u0107nost za slabu ki\u0161u i pljuskove i to osobito poslijepodne u zale\u0111u. Slab vjetar promjenljivih smjerova puhati \u0107e do poslijepodnevnih sati kad \u0107e do\u0107i do ja\u010danja bure. Pritjecanje hladnijeg zraka danas se jo\u0161 ne\u0107e osjetiti pa \u0107e temperature zraka i dalje biti ugodne i kretati se izme\u0111u 8 i 16\u00b0C.<\/p>\n\n\n\n<p>Sutra \u0107e do kasnih ve\u010dernjih sati prevladavati obla\u010dno vrijeme, a zatim se sa sjeverozapada o\u010dekuje postupno raskidanje naoblake. Oborina \u0107e biti slabe i o\u010dekuju se sredinom dana i to u ve\u0107em dijelu kao ki\u0161a dok \u0107e u vi\u0161em dijelu zale\u0111a padati susnje\u017eica, po planinama prolazno i snijeg. Temperature zraka \u0107e u odnosu na prethodne dane biti u osjetnom padu i uz obalu se kretati od 5 do 8, dok u zale\u0111u od 1 do 6\u00b0C.<\/p>\n\n\n\n<p>U srijedu i \u010detvrtak \u0107e prevladavati prete\u017eno vedro i prohladno vrijeme uz slabu do umjerenu buru. Temperature zraka neznatno \u0107e porasti i kretati se od jutarnja 4 do maksimalno dnevnih 12\u00b0C.<\/p>\n\n\n\n<p>Prohladno uz djelomice do prete\u017eno sun\u010dano vrijeme zadr\u017eati \u0107e se i u petak kada \u0107e puhati slab vjetar sjevernih, a sredinom dana zapadnih i jugozapadnih smjerova.<\/p>\n\n\n\n<p>Prema sada\u0161njim prognosti\u010dkim materijalima u danima vikenda se o\u010dekuju stabilne vremenske prilike uz djelomice do prete\u017eno sun\u010dano vrijeme. Uz slabu do umjerenu buru, sredinom dana zapadne i sjeverozapadne vjetrove temperature zraka \u0107e biti u porastu i kretati se od mnimalnih 7 do maksimalno dnevnih 18\u00b0C.<\/p>\n","protected":false},"excerpt":{"rendered":"<p>Kraj o\u017eujka i po\u010detak travnja donose nam novo izra\u017eenije zahla\u0111enje uz tek lokalno slabe oborine,&#8230;<\/p>\n","protected":false},"author":1,"featured_media":348,"comment_status":"closed","ping_status":"open","sticky":false,"template":"","format":"standard","meta":{"_monsterinsights_skip_tracking":false,"_monsterinsights_sitenote_active":false,"_monsterinsights_sitenote_note":"","_monsterinsights_sitenote_category":0,"footnotes":""},"categories":[3],"tags":[],"class_list":["post-347","post","type-post","status-publish","format-standard","has-post-thumbnail","hentry","category-lokalno-vrijeme"],"_links":{"self":[{"href":"https:\/\/sibenik-meteo.hr\/index.php\/wp-json\/wp\/v2\/posts\/347","targetHints":{"allow":["GET"]}}],"collection":[{"href":"https:\/\/sibenik-meteo.hr\/index.php\/wp-json\/wp\/v2\/posts"}],"about":[{"href":"https:\/\/sibenik-meteo.hr\/index.php\/wp-json\/wp\/v2\/types\/post"}],"author":[{"embeddable":true,"href":"https:\/\/sibenik-meteo.hr\/index.php\/wp-json\/wp\/v2\/users\/1"}],"replies":[{"embeddable":true,"href":"https:\/\/sibenik-meteo.hr\/index.php\/wp-json\/wp\/v2\/comments?post=347"}],"version-history":[{"count":1,"href":"https:\/\/sibenik-meteo.hr\/index.php\/wp-json\/wp\/v2\/posts\/347\/revisions"}],"predecessor-version":[{"id":349,"href":"https:\/\/sibenik-meteo.hr\/index.php\/wp-json\/wp\/v2\/posts\/347\/revisions\/349"}],"wp:featuredmedia":[{"embeddable":true,"href":"https:\/\/sibenik-meteo.hr\/index.php\/wp-json\/wp\/v2\/media\/348"}],"wp:attachment":[{"href":"https:\/\/sibenik-meteo.hr\/index.php\/wp-json\/wp\/v2\/media?parent=347"}],"wp:term":[{"taxonomy":"category","embeddable":true,"href":"https:\/\/sibenik-meteo.hr\/index.php\/wp-json\/wp\/v2\/categories?post=347"},{"taxonomy":"post_tag","embeddable":true,"href":"https:\/\/sibenik-meteo.hr\/index.php\/wp-json\/wp\/v2\/tags?post=347"}],"curies":[{"name":"wp","href":"https:\/\/api.w.org\/{rel}","templated":true}]}}