{"id":3451,"date":"2022-08-29T18:47:49","date_gmt":"2022-08-29T16:47:49","guid":{"rendered":"https:\/\/sibenik-meteo.hr\/?p=3451"},"modified":"2022-08-29T18:51:23","modified_gmt":"2022-08-29T16:51:23","slug":"nevrijeme-zahvatilo-drnis-za-kratko-vrijeme-palo-gotovo-40-litara-kise","status":"publish","type":"post","link":"https:\/\/sibenik-meteo.hr\/index.php\/2022\/08\/29\/nevrijeme-zahvatilo-drnis-za-kratko-vrijeme-palo-gotovo-40-litara-kise\/","title":{"rendered":"Nevrijeme zahvatilo Drni\u0161: Za kratko vrijeme palo gotovo 40 litara ki\u0161e!"},"content":{"rendered":"\n<p>Svakodnevni razvoji dnevne naoblake danas su u zale\u0111u \u0160ibensko-kninske \u017eupanije kulminirali stvaranjem jakog grmljavinskog nevremena pra\u0107enog lokalno obilnim pljuskovima!<\/p>\n\n\n\n<p>Prema mjerenjima automatskih meteorolo\u0161kih postaja i radarskim odrazima glavnina oborina pala je na \u0161irem podru\u010dju Drni\u0161a i Miljevaca, odnosno na donjem dijelu toka i kanjona rijeke \u010cikole. Meteo postaja u Drni\u0161u je do ovih trenutaka izmjerila \u010dak 40, a na Miljevcima 18 litra ki\u0161e po metru \u010detvornome! Pljuskova ali dosta slabijih bilo je i u Kninu gdje je izmjereno 13, Kistanjama 6 i u Mu\u0107u 5 litara. Sustav se jednim dijelom pro\u0161irio i do obale i rubno zahvatio \u0160ibenik koji je kasno poslijepodne okupan kratkotrajnim pljuskom i akumulacijom od 1 litre ki\u0161e.<\/p>\n\n\n\n<div class=\"wp-block-image\"><figure class=\"aligncenter\"><img loading=\"lazy\" decoding=\"async\" width=\"626\" height=\"471\" src=\"https:\/\/sibenik-meteo.hr\/wp-content\/uploads\/2022\/08\/Screenshot-2022-08-29-at-16-40-44-Radar-\u2013-\u0160ibenik-Meteo.png\" alt=\"\" class=\"wp-image-3452\" srcset=\"https:\/\/sibenik-meteo.hr\/wp-content\/uploads\/2022\/08\/Screenshot-2022-08-29-at-16-40-44-Radar-\u2013-\u0160ibenik-Meteo.png 626w, https:\/\/sibenik-meteo.hr\/wp-content\/uploads\/2022\/08\/Screenshot-2022-08-29-at-16-40-44-Radar-\u2013-\u0160ibenik-Meteo-300x226.png 300w\" sizes=\"auto, (max-width: 626px) 100vw, 626px\" \/><figcaption>Radarski odraz, izvor: DHMZ<\/figcaption><\/figure><\/div>\n\n\n\n<div class=\"wp-block-image\"><figure class=\"aligncenter\"><img loading=\"lazy\" decoding=\"async\" width=\"959\" height=\"671\" src=\"https:\/\/sibenik-meteo.hr\/wp-content\/uploads\/2022\/08\/Screenshot-2022-08-29-at-16-48-22-Grmljavina-\u2013-\u0160ibenik-Meteo.png\" alt=\"\" class=\"wp-image-3453\" srcset=\"https:\/\/sibenik-meteo.hr\/wp-content\/uploads\/2022\/08\/Screenshot-2022-08-29-at-16-48-22-Grmljavina-\u2013-\u0160ibenik-Meteo.png 959w, https:\/\/sibenik-meteo.hr\/wp-content\/uploads\/2022\/08\/Screenshot-2022-08-29-at-16-48-22-Grmljavina-\u2013-\u0160ibenik-Meteo-300x210.png 300w, https:\/\/sibenik-meteo.hr\/wp-content\/uploads\/2022\/08\/Screenshot-2022-08-29-at-16-48-22-Grmljavina-\u2013-\u0160ibenik-Meteo-768x537.png 768w\" sizes=\"auto, (max-width: 959px) 100vw, 959px\" \/><figcaption>Izvor: Windy<\/figcaption><\/figure><\/div>\n\n\n\n<p>Nevrijeme je pratila intezivna grmljavina i veliki broj munja i to ukupno vi\u0161e od 350 koliko ih je uspio zabilje\u017eiti grmljavinski senzor. Pljuskovi su donijeli i pad temperatura zraka koji je najizra\u017eeniji bio upravo na podru\u010dju Drni\u0161a gdje se temperatura zraka sa 32 spustila na svega 17 stupnjeva.<\/p>\n\n\n\n<p>Dodajmo da je ki\u0161e bio i na \u0161irem splitskom podru\u010dju, a pljuskovi nisu zaobi\u0161li niti Split gdje je izmjereno 5 litara ki\u0161e.<br><\/p>\n\n\n\n<div class=\"wp-block-image\"><figure class=\"aligncenter\"><img loading=\"lazy\" decoding=\"async\" width=\"474\" height=\"293\" src=\"https:\/\/sibenik-meteo.hr\/wp-content\/uploads\/2022\/08\/Screenshot-2022-08-29-at-17-12-05-Brojac-grmljavinskog-inteziteta.png\" alt=\"\" class=\"wp-image-3454\" srcset=\"https:\/\/sibenik-meteo.hr\/wp-content\/uploads\/2022\/08\/Screenshot-2022-08-29-at-17-12-05-Brojac-grmljavinskog-inteziteta.png 474w, https:\/\/sibenik-meteo.hr\/wp-content\/uploads\/2022\/08\/Screenshot-2022-08-29-at-17-12-05-Brojac-grmljavinskog-inteziteta-300x185.png 300w\" sizes=\"auto, (max-width: 474px) 100vw, 474px\" \/><figcaption>Intenzitet grmljavine<\/figcaption><\/figure><\/div>\n","protected":false},"excerpt":{"rendered":"<p>Svakodnevni razvoji dnevne naoblake danas su u zale\u0111u \u0160ibensko-kninske \u017eupanije kulminirali stvaranjem jakog grmljavinskog nevremena&#8230;<\/p>\n","protected":false},"author":2,"featured_media":3456,"comment_status":"closed","ping_status":"open","sticky":false,"template":"","format":"standard","meta":{"_monsterinsights_skip_tracking":false,"_monsterinsights_sitenote_active":false,"_monsterinsights_sitenote_note":"","_monsterinsights_sitenote_category":0,"footnotes":""},"categories":[10],"tags":[16,395,358,96,61],"class_list":["post-3451","post","type-post","status-publish","format-standard","has-post-thumbnail","hentry","category-hrvatska","tag-dalmacija","tag-drnis","tag-grmljavinsko-nevrijeme","tag-nevrijeme","tag-sibenik"],"_links":{"self":[{"href":"https:\/\/sibenik-meteo.hr\/index.php\/wp-json\/wp\/v2\/posts\/3451","targetHints":{"allow":["GET"]}}],"collection":[{"href":"https:\/\/sibenik-meteo.hr\/index.php\/wp-json\/wp\/v2\/posts"}],"about":[{"href":"https:\/\/sibenik-meteo.hr\/index.php\/wp-json\/wp\/v2\/types\/post"}],"author":[{"embeddable":true,"href":"https:\/\/sibenik-meteo.hr\/index.php\/wp-json\/wp\/v2\/users\/2"}],"replies":[{"embeddable":true,"href":"https:\/\/sibenik-meteo.hr\/index.php\/wp-json\/wp\/v2\/comments?post=3451"}],"version-history":[{"count":2,"href":"https:\/\/sibenik-meteo.hr\/index.php\/wp-json\/wp\/v2\/posts\/3451\/revisions"}],"predecessor-version":[{"id":3457,"href":"https:\/\/sibenik-meteo.hr\/index.php\/wp-json\/wp\/v2\/posts\/3451\/revisions\/3457"}],"wp:featuredmedia":[{"embeddable":true,"href":"https:\/\/sibenik-meteo.hr\/index.php\/wp-json\/wp\/v2\/media\/3456"}],"wp:attachment":[{"href":"https:\/\/sibenik-meteo.hr\/index.php\/wp-json\/wp\/v2\/media?parent=3451"}],"wp:term":[{"taxonomy":"category","embeddable":true,"href":"https:\/\/sibenik-meteo.hr\/index.php\/wp-json\/wp\/v2\/categories?post=3451"},{"taxonomy":"post_tag","embeddable":true,"href":"https:\/\/sibenik-meteo.hr\/index.php\/wp-json\/wp\/v2\/tags?post=3451"}],"curies":[{"name":"wp","href":"https:\/\/api.w.org\/{rel}","templated":true}]}}