{"id":3392,"date":"2022-08-19T09:24:08","date_gmt":"2022-08-19T07:24:08","guid":{"rendered":"https:\/\/sibenik-meteo.hr\/?p=3392"},"modified":"2022-08-19T09:34:42","modified_gmt":"2022-08-19T07:34:42","slug":"snazne-oluje-u-europi-odnijele-13-zivota","status":"publish","type":"post","link":"https:\/\/sibenik-meteo.hr\/index.php\/2022\/08\/19\/snazne-oluje-u-europi-odnijele-13-zivota\/","title":{"rendered":"Sna\u017ene oluje u Europi odnijele 13 \u017eivota"},"content":{"rendered":"\n<p>Sna\u017ene grmljavinske oluje i vjetrovi pogodili su francuski otok Korziku.  Broj stradalih raste i do jutros je smrtno stradalo \u0161est osoba, a vi\u0161e  ih je ozlije\u0111eno, javljaju francuski mediji, a prenosi <a href=\"https:\/\/www.index.hr\/vijesti\/clanak\/video-raste-broj-mrtvih-zbog-nevremena-na-korzici-poginulo-5-ljudi\/2388180.aspx\"><em>Index<\/em><\/a>.<\/p>\n\n\n\n<p>Tu\u010da, jaka ki\u0161a i vjetrovi \u010dija je maksimalna brzina iznosila 224 km na sat divljaju francuskim otokom.  U kopnenom dijelu Francuske je pak oko 1000 ku\u0107anstava ostalo bez struje nakon \u0161to je oluja pogodila ju\u017ene departmane Loire i Ain, objavila je  elektromre\u017ea Enedis. U srijedu nave\u010der ulice u Marseilleu bile su  poplavljene, a potoci vode slijevali su se niz stepenice u ovom lu\u010dkom gradu.<\/p>\n\n\n\n<p> Osim Korzike olujnim nevremenom pogo\u0111ena je i  Italija, Slovenija, Austrija ali i dijelovi Njema\u010dke. Kako smo pisali u Italiji olujno nevrijeme pogodilo je regiju Toskanu, a u Sloveniji olujni vjetar dizao je krovove ku\u0107a i zgrada. Sru\u0161ena stabla u Austriji usmrtila su dvoje djece u Koru\u0161koj, a jo\u0161 troje ih je poginulo u Donjoj Austriji. Pad strujne mre\u017ee uzrokovao je brojne probleme u odvijanju \u017eeljezni\u010dkog prometa. Obilna ki\u0161a pala je i u Njema\u010dkom gradu Hamburgu uzrokovav\u0161i brojne proble u odvijanju prometa.<\/p>\n\n\n\n<p>Ciklona koja \u0107e se danas sa sjevernog Jadrana premje\u0161tati prema jugu lokalno ja\u010da nevremena donijeti \u0107e na\u0161oj zemlji i okolici pa je sustav Meteoalarma izdao niz upozorenja na opasne vremenske prilike.<\/p>\n\n\n\n<p><br><\/p>\n\n\n\n<div class=\"wp-block-image\"><figure class=\"aligncenter\"><img loading=\"lazy\" decoding=\"async\" width=\"680\" height=\"673\" src=\"https:\/\/sibenik-meteo.hr\/wp-content\/uploads\/2022\/08\/FacAgG9XwAE3IOq.jpg\" alt=\"\" class=\"wp-image-3394\" srcset=\"https:\/\/sibenik-meteo.hr\/wp-content\/uploads\/2022\/08\/FacAgG9XwAE3IOq.jpg 680w, https:\/\/sibenik-meteo.hr\/wp-content\/uploads\/2022\/08\/FacAgG9XwAE3IOq-300x297.jpg 300w\" sizes=\"auto, (max-width: 680px) 100vw, 680px\" \/><figcaption>Toscana, izvor: Twitter<\/figcaption><\/figure><\/div>\n","protected":false},"excerpt":{"rendered":"<p>Sna\u017ene grmljavinske oluje i vjetrovi pogodili su francuski otok Korziku. Broj stradalih raste i do&#8230;<\/p>\n","protected":false},"author":2,"featured_media":3393,"comment_status":"closed","ping_status":"open","sticky":false,"template":"","format":"standard","meta":{"_monsterinsights_skip_tracking":false,"_monsterinsights_sitenote_active":false,"_monsterinsights_sitenote_note":"","_monsterinsights_sitenote_category":0,"footnotes":""},"categories":[11],"tags":[248,232,133,438,96,363,109,196,400],"class_list":["post-3392","post","type-post","status-publish","format-standard","has-post-thumbnail","hentry","category-europa","tag-austrija","tag-europa","tag-italija","tag-korzika","tag-nevrijeme","tag-njemacka","tag-oluja","tag-problemi","tag-slovenija"],"_links":{"self":[{"href":"https:\/\/sibenik-meteo.hr\/index.php\/wp-json\/wp\/v2\/posts\/3392","targetHints":{"allow":["GET"]}}],"collection":[{"href":"https:\/\/sibenik-meteo.hr\/index.php\/wp-json\/wp\/v2\/posts"}],"about":[{"href":"https:\/\/sibenik-meteo.hr\/index.php\/wp-json\/wp\/v2\/types\/post"}],"author":[{"embeddable":true,"href":"https:\/\/sibenik-meteo.hr\/index.php\/wp-json\/wp\/v2\/users\/2"}],"replies":[{"embeddable":true,"href":"https:\/\/sibenik-meteo.hr\/index.php\/wp-json\/wp\/v2\/comments?post=3392"}],"version-history":[{"count":2,"href":"https:\/\/sibenik-meteo.hr\/index.php\/wp-json\/wp\/v2\/posts\/3392\/revisions"}],"predecessor-version":[{"id":3396,"href":"https:\/\/sibenik-meteo.hr\/index.php\/wp-json\/wp\/v2\/posts\/3392\/revisions\/3396"}],"wp:featuredmedia":[{"embeddable":true,"href":"https:\/\/sibenik-meteo.hr\/index.php\/wp-json\/wp\/v2\/media\/3393"}],"wp:attachment":[{"href":"https:\/\/sibenik-meteo.hr\/index.php\/wp-json\/wp\/v2\/media?parent=3392"}],"wp:term":[{"taxonomy":"category","embeddable":true,"href":"https:\/\/sibenik-meteo.hr\/index.php\/wp-json\/wp\/v2\/categories?post=3392"},{"taxonomy":"post_tag","embeddable":true,"href":"https:\/\/sibenik-meteo.hr\/index.php\/wp-json\/wp\/v2\/tags?post=3392"}],"curies":[{"name":"wp","href":"https:\/\/api.w.org\/{rel}","templated":true}]}}