{"id":3300,"date":"2022-07-28T13:00:50","date_gmt":"2022-07-28T11:00:50","guid":{"rendered":"https:\/\/sibenik-meteo.hr\/?p=3300"},"modified":"2022-07-30T10:14:38","modified_gmt":"2022-07-30T08:14:38","slug":"na-krki-kod-knina-potopljena-prva-rijecna-uzivo-kamera-u-hrvatskoj","status":"publish","type":"post","link":"https:\/\/sibenik-meteo.hr\/index.php\/2022\/07\/28\/na-krki-kod-knina-potopljena-prva-rijecna-uzivo-kamera-u-hrvatskoj\/","title":{"rendered":"U Krku kod Knina potopljena prva rije\u010dna u\u017eivo kamera u Hrvatskoj"},"content":{"rendered":"\n<p>Ju\u010der su \u010dlanovi udruge \u0160ibenik Meteo i Ekolo\u0161ke udruge Krka Knin na rijeci Krki u blizini obnovljenog mosta kojim prolazi cesta prema Drni\u0161u i \u0160ibeniku potopili prvu rije\u010dnu kameru u zemlji koja u\u017eivo \u0161alje sliku na najgledaniju svjetsku video platformu YouTube.<\/p>\n\n\n\n<p>Rije\u010d je o zahtjevnom projektu kojem je prethodila izrada konstrukcije koja \u0107e omogu\u0107iti povremeno va\u0111enje kamere iz rijeke u svrhu \u010di\u0161\u010denja i odr\u017eavanja bez potrebe ulaska ronica u hladnu vodu gornjeg toka rijeke Krke koja i u ovim ljetnim mjesecima ima nisku temperaturu od svega 15-ak stupnjeva.<\/p>\n\n\n\n<figure class=\"wp-block-image\"><img loading=\"lazy\" decoding=\"async\" width=\"1024\" height=\"769\" src=\"https:\/\/sibenik-meteo.hr\/wp-content\/uploads\/2022\/07\/07AA5FC8-8ED1-40CD-9582-34B7269461E1-1024x769.jpeg\" alt=\"\" class=\"wp-image-3302\" srcset=\"https:\/\/sibenik-meteo.hr\/wp-content\/uploads\/2022\/07\/07AA5FC8-8ED1-40CD-9582-34B7269461E1-1024x769.jpeg 1024w, https:\/\/sibenik-meteo.hr\/wp-content\/uploads\/2022\/07\/07AA5FC8-8ED1-40CD-9582-34B7269461E1-300x225.jpeg 300w, https:\/\/sibenik-meteo.hr\/wp-content\/uploads\/2022\/07\/07AA5FC8-8ED1-40CD-9582-34B7269461E1-768x576.jpeg 768w, https:\/\/sibenik-meteo.hr\/wp-content\/uploads\/2022\/07\/07AA5FC8-8ED1-40CD-9582-34B7269461E1.jpeg 1155w\" sizes=\"auto, (max-width: 1024px) 100vw, 1024px\" \/><\/figure>\n\n\n\n<p>Kamera je opremljena led svjetlom, koje \u0107e i u no\u0107nim uvjetima omogu\u0107iti gledanje u boji, ima prvenstveno znanstveno-ekolo\u0161ku svrhu pra\u0107enja bioraznolikosti ove rijeke koja malo nizvodno od pozicije kamere svoj put nastavlja u NP Krka i dalje sve prema u\u0161\u0107u i Jadranskom moru.<\/p>\n\n\n\n<figure class=\"wp-block-image\"><img loading=\"lazy\" decoding=\"async\" width=\"1024\" height=\"769\" src=\"https:\/\/sibenik-meteo.hr\/wp-content\/uploads\/2022\/07\/9AE359E8-43DB-4EDA-90C9-DE1767FD764B-1024x769.jpeg\" alt=\"\" class=\"wp-image-3303\" srcset=\"https:\/\/sibenik-meteo.hr\/wp-content\/uploads\/2022\/07\/9AE359E8-43DB-4EDA-90C9-DE1767FD764B-1024x769.jpeg 1024w, https:\/\/sibenik-meteo.hr\/wp-content\/uploads\/2022\/07\/9AE359E8-43DB-4EDA-90C9-DE1767FD764B-300x225.jpeg 300w, https:\/\/sibenik-meteo.hr\/wp-content\/uploads\/2022\/07\/9AE359E8-43DB-4EDA-90C9-DE1767FD764B-768x576.jpeg 768w, https:\/\/sibenik-meteo.hr\/wp-content\/uploads\/2022\/07\/9AE359E8-43DB-4EDA-90C9-DE1767FD764B.jpeg 1155w\" sizes=\"auto, (max-width: 1024px) 100vw, 1024px\" \/><\/figure>\n\n\n\n<p>U projekt je uklju\u010den i Institut Ru\u0111er Bo\u0161kovi\u0107 koji \u0107e uskoro u svojoj obnovljenoj morskoj postaji na Martinskoj dobivene podatke sa kamere i senzora analizirati \u0161to \u0107e    znanstvenoj zajednici osigurati bazu infromacija za prou\u010davanje ovog kr\u0161kog fenomena.<\/p>\n\n\n\n<p>Ovo je tre\u0107a podvodna kamera koju je na\u0161a udruga realizirala, odnosno uz ovu kameru prethodno su postavljene kamere na Martinskoj i u Podgori. Osim kamere na Martinskoj koja je trenutno na remontu preostale se mogu gledati na YouTube kanalu udruge Croatia Live panorama view.<br><\/p>\n\n\n\n<p><br><\/p>\n\n\n\n<figure class=\"wp-block-embed-youtube aligncenter wp-block-embed is-type-video is-provider-youtube wp-embed-aspect-16-9 wp-has-aspect-ratio wp-embed-aspect-4-3\"><div class=\"wp-block-embed__wrapper\">\n<iframe loading=\"lazy\" title=\"Underwater live cam - River Krka Knin, Croatia\" width=\"640\" height=\"480\" src=\"https:\/\/www.youtube.com\/embed\/cLHbEMPm5BM?feature=oembed\" frameborder=\"0\" allow=\"accelerometer; autoplay; clipboard-write; encrypted-media; gyroscope; picture-in-picture; web-share\" referrerpolicy=\"strict-origin-when-cross-origin\" allowfullscreen><\/iframe>\n<\/div><\/figure>\n\n\n\n<p><\/p>\n","protected":false},"excerpt":{"rendered":"<p>Ju\u010der su \u010dlanovi udruge \u0160ibenik Meteo i Ekolo\u0161ke udruge Krka Knin na rijeci Krki u&#8230;<\/p>\n","protected":false},"author":1,"featured_media":3301,"comment_status":"closed","ping_status":"open","sticky":false,"template":"","format":"standard","meta":{"_monsterinsights_skip_tracking":false,"_monsterinsights_sitenote_active":false,"_monsterinsights_sitenote_note":"","_monsterinsights_sitenote_category":0,"footnotes":""},"categories":[10],"tags":[432,54,430,431,429,57,382],"class_list":["post-3300","post","type-post","status-publish","format-standard","has-post-thumbnail","hentry","category-hrvatska","tag-institut-ruder-boskovic","tag-knin","tag-krka","tag-krka-knin","tag-podvodna-kamera","tag-sibenik-meteo","tag-sibensko-kninska-zupanija"],"_links":{"self":[{"href":"https:\/\/sibenik-meteo.hr\/index.php\/wp-json\/wp\/v2\/posts\/3300","targetHints":{"allow":["GET"]}}],"collection":[{"href":"https:\/\/sibenik-meteo.hr\/index.php\/wp-json\/wp\/v2\/posts"}],"about":[{"href":"https:\/\/sibenik-meteo.hr\/index.php\/wp-json\/wp\/v2\/types\/post"}],"author":[{"embeddable":true,"href":"https:\/\/sibenik-meteo.hr\/index.php\/wp-json\/wp\/v2\/users\/1"}],"replies":[{"embeddable":true,"href":"https:\/\/sibenik-meteo.hr\/index.php\/wp-json\/wp\/v2\/comments?post=3300"}],"version-history":[{"count":5,"href":"https:\/\/sibenik-meteo.hr\/index.php\/wp-json\/wp\/v2\/posts\/3300\/revisions"}],"predecessor-version":[{"id":3319,"href":"https:\/\/sibenik-meteo.hr\/index.php\/wp-json\/wp\/v2\/posts\/3300\/revisions\/3319"}],"wp:featuredmedia":[{"embeddable":true,"href":"https:\/\/sibenik-meteo.hr\/index.php\/wp-json\/wp\/v2\/media\/3301"}],"wp:attachment":[{"href":"https:\/\/sibenik-meteo.hr\/index.php\/wp-json\/wp\/v2\/media?parent=3300"}],"wp:term":[{"taxonomy":"category","embeddable":true,"href":"https:\/\/sibenik-meteo.hr\/index.php\/wp-json\/wp\/v2\/categories?post=3300"},{"taxonomy":"post_tag","embeddable":true,"href":"https:\/\/sibenik-meteo.hr\/index.php\/wp-json\/wp\/v2\/tags?post=3300"}],"curies":[{"name":"wp","href":"https:\/\/api.w.org\/{rel}","templated":true}]}}