{"id":3297,"date":"2022-07-28T08:34:28","date_gmt":"2022-07-28T06:34:28","guid":{"rendered":"https:\/\/sibenik-meteo.hr\/?p=3297"},"modified":"2022-07-28T08:34:29","modified_gmt":"2022-07-28T06:34:29","slug":"napokon-pala-kisa-sibenik-dobio-najvise-litara","status":"publish","type":"post","link":"https:\/\/sibenik-meteo.hr\/index.php\/2022\/07\/28\/napokon-pala-kisa-sibenik-dobio-najvise-litara\/","title":{"rendered":"Napokon pala ki\u0161a, \u0160ibenik dobio najvi\u0161e litara"},"content":{"rendered":"\n<p>Nakon gotov mjesec dana na \u0161ibenskom podru\u010dju ju\u010der je pala prva konkretnija ki\u0161a koja \u0107e barem malo ubla\u017eiti su\u0161u i osvje\u017eiti vegetaciju.<\/p>\n\n\n\n<p>Prvi neverin koji se formirao na otvorenom moru jugozapadno od Kornata zahvatio je sredi\u0161nji i ju\u017eni dio \u0161ibenskog kraja tijekom jutra i donio uglavnom slabe oborine koje su se kretale od 1 do 3 litre po metru \u010detvornome.<\/p>\n\n\n\n<p>Slabe oborine nisu rashladile zrak ve\u0107 uzrokovale dodatnu sparinu koju je donekle ubla\u017eavala visoka naoblaka koja je iza 15h sve vi\u0161e pristizala sa otvorenog mora, a bila je dio ostataka olujnih sustava nad Apeninima i talijanskoj obali Jadrana. <br><\/p>\n\n\n\n<p>Iza 17h na moru je ponovno do\u0161lo do aktiviranja neverina koji je u odnosu na jutarnji bio puno izda\u0161niji po pitanju oborina, pogotovo uz obalu i na moru. Uz jaku grmljavinu i pljuskove nevrijeme se glavninom obru\u0161ilo na \u0160ibenik gdje je ujedno i izmjereno najvi\u0161e oborina. Prema AMP-ovima na \u0161irem podru\u010dju grada palo je i do 16 litara, a na preostalom podru\u010dju svega od 1 do 11 litara po meteu \u010detvornome.<\/p>\n\n\n\n<p>Ki\u0161a je utjecala i na temperature zraka koje su jutros malo ugodnije nego prethodnih dana pa su ni\u017ee u prosjeku za 2 do 5 stupnjeva na podru\u010dju \u0160ibenika.<\/p>\n","protected":false},"excerpt":{"rendered":"<p>Nakon gotov mjesec dana na \u0161ibenskom podru\u010dju ju\u010der je pala prva konkretnija ki\u0161a koja \u0107e&#8230;<\/p>\n","protected":false},"author":1,"featured_media":3298,"comment_status":"closed","ping_status":"open","sticky":false,"template":"","format":"standard","meta":{"_monsterinsights_skip_tracking":false,"_monsterinsights_sitenote_active":false,"_monsterinsights_sitenote_note":"","_monsterinsights_sitenote_category":0,"footnotes":""},"categories":[3],"tags":[40,222,123,14],"class_list":["post-3297","post","type-post","status-publish","format-standard","has-post-thumbnail","hentry","category-lokalno-vrijeme","tag-kisa","tag-lokalna-prognoza","tag-oborine","tag-vrijeme"],"_links":{"self":[{"href":"https:\/\/sibenik-meteo.hr\/index.php\/wp-json\/wp\/v2\/posts\/3297","targetHints":{"allow":["GET"]}}],"collection":[{"href":"https:\/\/sibenik-meteo.hr\/index.php\/wp-json\/wp\/v2\/posts"}],"about":[{"href":"https:\/\/sibenik-meteo.hr\/index.php\/wp-json\/wp\/v2\/types\/post"}],"author":[{"embeddable":true,"href":"https:\/\/sibenik-meteo.hr\/index.php\/wp-json\/wp\/v2\/users\/1"}],"replies":[{"embeddable":true,"href":"https:\/\/sibenik-meteo.hr\/index.php\/wp-json\/wp\/v2\/comments?post=3297"}],"version-history":[{"count":1,"href":"https:\/\/sibenik-meteo.hr\/index.php\/wp-json\/wp\/v2\/posts\/3297\/revisions"}],"predecessor-version":[{"id":3299,"href":"https:\/\/sibenik-meteo.hr\/index.php\/wp-json\/wp\/v2\/posts\/3297\/revisions\/3299"}],"wp:featuredmedia":[{"embeddable":true,"href":"https:\/\/sibenik-meteo.hr\/index.php\/wp-json\/wp\/v2\/media\/3298"}],"wp:attachment":[{"href":"https:\/\/sibenik-meteo.hr\/index.php\/wp-json\/wp\/v2\/media?parent=3297"}],"wp:term":[{"taxonomy":"category","embeddable":true,"href":"https:\/\/sibenik-meteo.hr\/index.php\/wp-json\/wp\/v2\/categories?post=3297"},{"taxonomy":"post_tag","embeddable":true,"href":"https:\/\/sibenik-meteo.hr\/index.php\/wp-json\/wp\/v2\/tags?post=3297"}],"curies":[{"name":"wp","href":"https:\/\/api.w.org\/{rel}","templated":true}]}}