{"id":3260,"date":"2024-07-23T15:42:01","date_gmt":"2024-07-23T13:42:01","guid":{"rendered":"https:\/\/sibenik-meteo.hr\/?p=3260"},"modified":"2024-07-23T16:36:46","modified_gmt":"2024-07-23T14:36:46","slug":"na-danasnji-dan-sibenik-je-pogodilo-jako-nevrijeme-temperatura-se-spustila-na-18-stupnjeva","status":"publish","type":"post","link":"https:\/\/sibenik-meteo.hr\/index.php\/2024\/07\/23\/na-danasnji-dan-sibenik-je-pogodilo-jako-nevrijeme-temperatura-se-spustila-na-18-stupnjeva\/","title":{"rendered":"Na dana\u0161nji dan \u0160ibenik je pogodilo jako nevrijeme, temperatura se spustila na 18 stupnjeva!"},"content":{"rendered":"\n<p>Na dana\u0161nji dan 2011 godine ovim prostorima su vladale sasvim neke druge vremenske prilike za razliku od ovih dana\u0161njih koje karakteriziraju su\u0161a i toplinski valovi.<\/p>\n\n\n\n<p>Naime sjevernu i srednju Dalmaciju je pogodilo jako grmljavinsko nevrijeme koje se svom svojom snagom upravo obru\u0161ilo na \u0160ibenik. Iz arhive smo izvukli podatke o toj vrlo jakoj grmljavinskoj oluji koja se zanimljivo dogodila za vrijeme dana kada je vjerovatnost za tako jake sustave ljeti manja nego primjerice no\u0107u.<\/p>\n\n\n\n<p>Nevrijeme se iniciralo uz zadarsku obalu i uz ja\u010danje brzo se premje\u0161talo prema jugu na \u0161ire \u0161ibensko podru\u010dje gdje je stiglo sredinom dana.<br>Prema mjernju meteo postaja na podru\u010dju grada palo je izme\u0111u 30 do 60 litara ki\u0161e po metru \u010detvornome. Uz obilne pljuskove bilo je i jake grmljavine te povremene tu\u010de, a temperatura zraka se spustila na svega 18\u00b0C!<\/p>\n\n\n\n<p>Vatrogasci i javne slu\u017ebe su imali pune ruke posla jer nakon nevremene brojne ulice i podrumi ostali su potopljeni. Zanimljivo je da je kod \u010ciova do\u0161lo do pojave plimnog vala u kojem se more podiglo za 60cm, a ovakvi fenomeni se upravo prepisuju naglim lokalnim skokovima tlaka uslijed jakih nevremena.<\/p>\n\n\n\n<ul class=\"wp-block-gallery columns-3 is-cropped wp-block-gallery-1 is-layout-flex wp-block-gallery-is-layout-flex\"><li class=\"blocks-gallery-item\"><figure><img loading=\"lazy\" decoding=\"async\" width=\"1024\" height=\"768\" src=\"https:\/\/sibenik-meteo.hr\/wp-content\/uploads\/2022\/07\/original10-1024x768.jpg\" alt=\"\" data-id=\"3263\" data-link=\"https:\/\/sibenik-meteo.hr\/index.php\/2022\/07\/23\/na-danasnji-dan-sibenik-je-pogodilo-jako-nevrijeme-temperatura-se-spustila-na-18-stupnjeva\/original10\/\" class=\"wp-image-3263\" srcset=\"https:\/\/sibenik-meteo.hr\/wp-content\/uploads\/2022\/07\/original10.jpg 1024w, https:\/\/sibenik-meteo.hr\/wp-content\/uploads\/2022\/07\/original10-300x225.jpg 300w, https:\/\/sibenik-meteo.hr\/wp-content\/uploads\/2022\/07\/original10-768x576.jpg 768w\" sizes=\"auto, (max-width: 1024px) 100vw, 1024px\" \/><\/figure><\/li><li class=\"blocks-gallery-item\"><figure><img loading=\"lazy\" decoding=\"async\" width=\"720\" height=\"540\" src=\"https:\/\/sibenik-meteo.hr\/wp-content\/uploads\/2022\/07\/original9.jpg\" alt=\"\" data-id=\"3264\" data-link=\"https:\/\/sibenik-meteo.hr\/index.php\/2022\/07\/23\/na-danasnji-dan-sibenik-je-pogodilo-jako-nevrijeme-temperatura-se-spustila-na-18-stupnjeva\/original9\/\" class=\"wp-image-3264\" srcset=\"https:\/\/sibenik-meteo.hr\/wp-content\/uploads\/2022\/07\/original9.jpg 720w, https:\/\/sibenik-meteo.hr\/wp-content\/uploads\/2022\/07\/original9-300x225.jpg 300w\" sizes=\"auto, (max-width: 720px) 100vw, 720px\" \/><\/figure><\/li><li class=\"blocks-gallery-item\"><figure><img loading=\"lazy\" decoding=\"async\" width=\"250\" height=\"188\" src=\"https:\/\/sibenik-meteo.hr\/wp-content\/uploads\/2022\/07\/original8.jpg\" alt=\"\" data-id=\"3265\" data-link=\"https:\/\/sibenik-meteo.hr\/index.php\/2022\/07\/23\/na-danasnji-dan-sibenik-je-pogodilo-jako-nevrijeme-temperatura-se-spustila-na-18-stupnjeva\/original8\/\" class=\"wp-image-3265\"\/><\/figure><\/li><li class=\"blocks-gallery-item\"><figure><img loading=\"lazy\" decoding=\"async\" width=\"250\" height=\"168\" src=\"https:\/\/sibenik-meteo.hr\/wp-content\/uploads\/2022\/07\/original7.jpg\" alt=\"\" data-id=\"3266\" data-link=\"https:\/\/sibenik-meteo.hr\/index.php\/2022\/07\/23\/na-danasnji-dan-sibenik-je-pogodilo-jako-nevrijeme-temperatura-se-spustila-na-18-stupnjeva\/original7\/\" class=\"wp-image-3266\"\/><\/figure><\/li><li class=\"blocks-gallery-item\"><figure><img loading=\"lazy\" decoding=\"async\" width=\"250\" height=\"188\" src=\"https:\/\/sibenik-meteo.hr\/wp-content\/uploads\/2022\/07\/original6.jpg\" alt=\"\" data-id=\"3267\" data-link=\"https:\/\/sibenik-meteo.hr\/index.php\/2022\/07\/23\/na-danasnji-dan-sibenik-je-pogodilo-jako-nevrijeme-temperatura-se-spustila-na-18-stupnjeva\/original6\/\" class=\"wp-image-3267\"\/><\/figure><\/li><li class=\"blocks-gallery-item\"><figure><img loading=\"lazy\" decoding=\"async\" width=\"720\" height=\"540\" src=\"https:\/\/sibenik-meteo.hr\/wp-content\/uploads\/2022\/07\/original4.jpg\" alt=\"\" data-id=\"3268\" data-link=\"https:\/\/sibenik-meteo.hr\/index.php\/2022\/07\/23\/na-danasnji-dan-sibenik-je-pogodilo-jako-nevrijeme-temperatura-se-spustila-na-18-stupnjeva\/original4\/\" class=\"wp-image-3268\" srcset=\"https:\/\/sibenik-meteo.hr\/wp-content\/uploads\/2022\/07\/original4.jpg 720w, https:\/\/sibenik-meteo.hr\/wp-content\/uploads\/2022\/07\/original4-300x225.jpg 300w\" sizes=\"auto, (max-width: 720px) 100vw, 720px\" \/><\/figure><\/li><li class=\"blocks-gallery-item\"><figure><img loading=\"lazy\" decoding=\"async\" width=\"250\" height=\"188\" src=\"https:\/\/sibenik-meteo.hr\/wp-content\/uploads\/2022\/07\/original3.jpg\" alt=\"\" data-id=\"3269\" data-link=\"https:\/\/sibenik-meteo.hr\/index.php\/2022\/07\/23\/na-danasnji-dan-sibenik-je-pogodilo-jako-nevrijeme-temperatura-se-spustila-na-18-stupnjeva\/original3\/\" class=\"wp-image-3269\"\/><\/figure><\/li><li class=\"blocks-gallery-item\"><figure><img loading=\"lazy\" decoding=\"async\" width=\"250\" height=\"188\" src=\"https:\/\/sibenik-meteo.hr\/wp-content\/uploads\/2022\/07\/original2.jpg\" alt=\"\" data-id=\"3270\" data-link=\"https:\/\/sibenik-meteo.hr\/index.php\/2022\/07\/23\/na-danasnji-dan-sibenik-je-pogodilo-jako-nevrijeme-temperatura-se-spustila-na-18-stupnjeva\/original2\/\" class=\"wp-image-3270\"\/><\/figure><\/li><li class=\"blocks-gallery-item\"><figure><img loading=\"lazy\" decoding=\"async\" width=\"250\" height=\"188\" src=\"https:\/\/sibenik-meteo.hr\/wp-content\/uploads\/2022\/07\/original1.jpg\" alt=\"\" data-id=\"3271\" data-link=\"https:\/\/sibenik-meteo.hr\/index.php\/2022\/07\/23\/na-danasnji-dan-sibenik-je-pogodilo-jako-nevrijeme-temperatura-se-spustila-na-18-stupnjeva\/original1\/\" class=\"wp-image-3271\"\/><\/figure><\/li><li class=\"blocks-gallery-item\"><figure><img loading=\"lazy\" decoding=\"async\" width=\"250\" height=\"162\" src=\"https:\/\/sibenik-meteo.hr\/wp-content\/uploads\/2022\/07\/original.jpg\" alt=\"\" data-id=\"3272\" data-link=\"https:\/\/sibenik-meteo.hr\/index.php\/2022\/07\/23\/na-danasnji-dan-sibenik-je-pogodilo-jako-nevrijeme-temperatura-se-spustila-na-18-stupnjeva\/original-2\/\" class=\"wp-image-3272\"\/><\/figure><\/li><\/ul>\n","protected":false},"excerpt":{"rendered":"<p>Na dana\u0161nji dan 2011 godine ovim prostorima su vladale sasvim neke druge vremenske prilike za&#8230;<\/p>\n","protected":false},"author":1,"featured_media":3261,"comment_status":"closed","ping_status":"open","sticky":false,"template":"","format":"standard","meta":{"_monsterinsights_skip_tracking":false,"_monsterinsights_sitenote_active":false,"_monsterinsights_sitenote_note":"","_monsterinsights_sitenote_category":0,"footnotes":""},"categories":[523],"tags":[362,427,96,61],"class_list":["post-3260","post","type-post","status-publish","format-standard","has-post-thumbnail","hentry","category-vremepolov","tag-ljeto","tag-nevere","tag-nevrijeme","tag-sibenik"],"_links":{"self":[{"href":"https:\/\/sibenik-meteo.hr\/index.php\/wp-json\/wp\/v2\/posts\/3260","targetHints":{"allow":["GET"]}}],"collection":[{"href":"https:\/\/sibenik-meteo.hr\/index.php\/wp-json\/wp\/v2\/posts"}],"about":[{"href":"https:\/\/sibenik-meteo.hr\/index.php\/wp-json\/wp\/v2\/types\/post"}],"author":[{"embeddable":true,"href":"https:\/\/sibenik-meteo.hr\/index.php\/wp-json\/wp\/v2\/users\/1"}],"replies":[{"embeddable":true,"href":"https:\/\/sibenik-meteo.hr\/index.php\/wp-json\/wp\/v2\/comments?post=3260"}],"version-history":[{"count":3,"href":"https:\/\/sibenik-meteo.hr\/index.php\/wp-json\/wp\/v2\/posts\/3260\/revisions"}],"predecessor-version":[{"id":5941,"href":"https:\/\/sibenik-meteo.hr\/index.php\/wp-json\/wp\/v2\/posts\/3260\/revisions\/5941"}],"wp:featuredmedia":[{"embeddable":true,"href":"https:\/\/sibenik-meteo.hr\/index.php\/wp-json\/wp\/v2\/media\/3261"}],"wp:attachment":[{"href":"https:\/\/sibenik-meteo.hr\/index.php\/wp-json\/wp\/v2\/media?parent=3260"}],"wp:term":[{"taxonomy":"category","embeddable":true,"href":"https:\/\/sibenik-meteo.hr\/index.php\/wp-json\/wp\/v2\/categories?post=3260"},{"taxonomy":"post_tag","embeddable":true,"href":"https:\/\/sibenik-meteo.hr\/index.php\/wp-json\/wp\/v2\/tags?post=3260"}],"curies":[{"name":"wp","href":"https:\/\/api.w.org\/{rel}","templated":true}]}}