{"id":3205,"date":"2022-07-13T16:31:18","date_gmt":"2022-07-13T14:31:18","guid":{"rendered":"https:\/\/sibenik-meteo.hr\/?p=3205"},"modified":"2022-07-13T16:35:54","modified_gmt":"2022-07-13T14:35:54","slug":"katastrofalan-pozar-u-zatonu-nekoliko-kuca-zahvatila-je-vatra","status":"publish","type":"post","link":"https:\/\/sibenik-meteo.hr\/index.php\/2022\/07\/13\/katastrofalan-pozar-u-zatonu-nekoliko-kuca-zahvatila-je-vatra\/","title":{"rendered":"Katastrofalan po\u017ear u Zatonu! Nekoliko ku\u0107a zahvatila je vatra!"},"content":{"rendered":"\n<p> Prijepodne je kod Zatona izbio veliki po\u017ear koji se no\u0161en poja\u010danim sjeverozapadnim vjetrom \u0161iri prema tom mjestu i Raslini. Zadnji podaci govore da je po\u017ear  do\u0161ao do ku\u0107a. Jak vjetar ote\u017eava ga\u0161enje po\u017eara stoga su poslane i dodatne snage iz Splitsko-dalmatinske \u017eupanije sa 20 vatrogasaca i 7 vozila te pripadnici  Dr\u017eavne vatrogasne intervencijske postrojbe Split, priop\u0107ili su iz  Hrvatske vatrogasne zajednice. <\/p>\n\n\n\n<p>&#8220;Imamo po\u017earno ludilo, imamo vi\u0161e fronti, trenutno nam je probio  po\u017ear od onog dijela gdje je bio prije sat vremena, sad se dva kilometra  probio prema mjestu Zaton. Dajemo sve od sebe u ovom trenutku. Idemo od  ku\u0107e do ku\u0107e i poku\u0161avamo napraviti \u0161to se da napraviti&#8221;, rekao je  Darko Duki\u0107&#8221;,&nbsp;kazao je za <a rel=\"noreferrer noopener\" href=\"https:\/\/www.dalmacijadanas.hr\/brane-se-kuce-dramaticno-na-sibenskom-podrucju-zapovjednik-ovo-je-pozarno-ludilo-imamo-brojne-pozarne-fronte-vatra-se-siri-prema-zatonu\/\" target=\"_blank\">sibenik.hr<\/a> Darko&nbsp;Duki\u0107, zapovjednik Vatrogasne zajednice \u0160ibensko-kninske \u017eupanije.<\/p>\n\n\n\n<p>Zadnji podaci govore da je nekoliko ku\u0107a zahvatila vatra, a istu neprovjerenu informaciju imamo i mi.<\/p>\n\n\n\n<div class=\"wp-block-image\"><figure class=\"aligncenter\"><img loading=\"lazy\" decoding=\"async\" width=\"1024\" height=\"576\" src=\"https:\/\/sibenik-meteo.hr\/wp-content\/uploads\/2022\/07\/cam_4-1024x576.jpg\" alt=\"\" class=\"wp-image-3208\" srcset=\"https:\/\/sibenik-meteo.hr\/wp-content\/uploads\/2022\/07\/cam_4-1024x576.jpg 1024w, https:\/\/sibenik-meteo.hr\/wp-content\/uploads\/2022\/07\/cam_4-300x169.jpg 300w, https:\/\/sibenik-meteo.hr\/wp-content\/uploads\/2022\/07\/cam_4-768x432.jpg 768w, https:\/\/sibenik-meteo.hr\/wp-content\/uploads\/2022\/07\/cam_4.jpg 1920w\" sizes=\"auto, (max-width: 1024px) 100vw, 1024px\" \/><figcaption>Pogled iz \u0160ibenika prema Zatonu oko 16:30h<\/figcaption><\/figure><\/div>\n","protected":false},"excerpt":{"rendered":"<p>Prijepodne je kod Zatona izbio veliki po\u017ear koji se no\u0161en poja\u010danim sjeverozapadnim vjetrom \u0161iri prema&#8230;<\/p>\n","protected":false},"author":2,"featured_media":3206,"comment_status":"closed","ping_status":"open","sticky":false,"template":"","format":"standard","meta":{"_monsterinsights_skip_tracking":false,"_monsterinsights_sitenote_active":false,"_monsterinsights_sitenote_note":"","_monsterinsights_sitenote_category":0,"footnotes":""},"categories":[10],"tags":[417,382,419,418],"class_list":["post-3205","post","type-post","status-publish","format-standard","has-post-thumbnail","hentry","category-hrvatska","tag-pozar","tag-sibensko-kninska-zupanija","tag-vatrogasci","tag-zaton"],"_links":{"self":[{"href":"https:\/\/sibenik-meteo.hr\/index.php\/wp-json\/wp\/v2\/posts\/3205","targetHints":{"allow":["GET"]}}],"collection":[{"href":"https:\/\/sibenik-meteo.hr\/index.php\/wp-json\/wp\/v2\/posts"}],"about":[{"href":"https:\/\/sibenik-meteo.hr\/index.php\/wp-json\/wp\/v2\/types\/post"}],"author":[{"embeddable":true,"href":"https:\/\/sibenik-meteo.hr\/index.php\/wp-json\/wp\/v2\/users\/2"}],"replies":[{"embeddable":true,"href":"https:\/\/sibenik-meteo.hr\/index.php\/wp-json\/wp\/v2\/comments?post=3205"}],"version-history":[{"count":2,"href":"https:\/\/sibenik-meteo.hr\/index.php\/wp-json\/wp\/v2\/posts\/3205\/revisions"}],"predecessor-version":[{"id":3209,"href":"https:\/\/sibenik-meteo.hr\/index.php\/wp-json\/wp\/v2\/posts\/3205\/revisions\/3209"}],"wp:featuredmedia":[{"embeddable":true,"href":"https:\/\/sibenik-meteo.hr\/index.php\/wp-json\/wp\/v2\/media\/3206"}],"wp:attachment":[{"href":"https:\/\/sibenik-meteo.hr\/index.php\/wp-json\/wp\/v2\/media?parent=3205"}],"wp:term":[{"taxonomy":"category","embeddable":true,"href":"https:\/\/sibenik-meteo.hr\/index.php\/wp-json\/wp\/v2\/categories?post=3205"},{"taxonomy":"post_tag","embeddable":true,"href":"https:\/\/sibenik-meteo.hr\/index.php\/wp-json\/wp\/v2\/tags?post=3205"}],"curies":[{"name":"wp","href":"https:\/\/api.w.org\/{rel}","templated":true}]}}