{"id":3162,"date":"2022-07-07T11:13:46","date_gmt":"2022-07-07T09:13:46","guid":{"rendered":"https:\/\/sibenik-meteo.hr\/?p=3162"},"modified":"2022-07-07T11:41:31","modified_gmt":"2022-07-07T09:41:31","slug":"sutra-prolaz-fronte-uz-jaku-buru","status":"publish","type":"post","link":"https:\/\/sibenik-meteo.hr\/index.php\/2022\/07\/07\/sutra-prolaz-fronte-uz-jaku-buru\/","title":{"rendered":"Sutra prolaz fronte uz jaku buru"},"content":{"rendered":"\n<p>Jadranu se sa sjeverozapada kontinenta pribli\u017eava frontalni poreme\u0107aj koji \u0107e u odnosu na prethodne promjene i fronte donijeti ipak znatniju promjenu vremena koja \u0107e se o\u010ditovati prvenstveno kroz jak vjetar koji \u0107e uz pritjecanje svje\u017eijeg zraka otpuhati vru\u0107ine iz ovih krajeva.<\/p>\n\n\n\n<p>Kako prethodi ovakvim promjenama vremena nakon ju\u010dera\u0161nje bure koja je zamje\u0161ala morske slojeve i na \u0161ibenskom podru\u010dju zna\u010dajno ga rashladila jutros je na Jadranu zapuhao prolazno umjeren vjetar jugozapadnih do ju\u017enih smjerova koji \u0107e u ve\u010dernjim satima ponovno zamjeniti bura koja \u0107e u no\u0107i na petak ja\u010dati i sutra te osobito u no\u0107i na subotu imati umjereno jake do jake udare.<\/p>\n\n\n\n<p>Iako \u0107e ova fronta ve\u0107em dijelu zemlje donijeti oborine zadnji prognosti\u010dki materijali sugeriraju da \u0107e oborine kako to ve\u0107 biva kod ljetnih fronta u Dalmaciji i ovaj put je zaobi\u0107i pa su osim prolazne naoblake \u0161anse za lokalne oborine ili neverin male.<\/p>\n\n\n\n<p>Pritjecanje svje\u017eeg zraka osjetiti \u0107e se na temperaturama zraka pa \u0107e se one nakon jo\u0161 danas relativno visokih od sutra spustiti za 5 do 8 stupnjeva. Tako \u0107e se dana\u0161nji maksimalci kretati od 30 do 32, a sutra izme\u0111u 24 i 28 stupnjeva.<\/p>\n\n\n\n<p>Vjetrovito i prete\u017eno sun\u010dano vrijeme uz ugodne ljetne temperature zraka nastaviti \u0107e se ne samo u danima vikenda ve\u0107 i u tjednu pred nama.<\/p>\n\n\n\n<p><\/p>\n","protected":false},"excerpt":{"rendered":"<p>Jadranu se sa sjeverozapada kontinenta pribli\u017eava frontalni poreme\u0107aj koji \u0107e u odnosu na prethodne promjene&#8230;<\/p>\n","protected":false},"author":1,"featured_media":3163,"comment_status":"closed","ping_status":"open","sticky":false,"template":"","format":"standard","meta":{"_monsterinsights_skip_tracking":false,"_monsterinsights_sitenote_active":false,"_monsterinsights_sitenote_note":"","_monsterinsights_sitenote_category":0,"footnotes":""},"categories":[10],"tags":[16,113,222,61],"class_list":["post-3162","post","type-post","status-publish","format-standard","has-post-thumbnail","hentry","category-hrvatska","tag-dalmacija","tag-fronta","tag-lokalna-prognoza","tag-sibenik"],"_links":{"self":[{"href":"https:\/\/sibenik-meteo.hr\/index.php\/wp-json\/wp\/v2\/posts\/3162","targetHints":{"allow":["GET"]}}],"collection":[{"href":"https:\/\/sibenik-meteo.hr\/index.php\/wp-json\/wp\/v2\/posts"}],"about":[{"href":"https:\/\/sibenik-meteo.hr\/index.php\/wp-json\/wp\/v2\/types\/post"}],"author":[{"embeddable":true,"href":"https:\/\/sibenik-meteo.hr\/index.php\/wp-json\/wp\/v2\/users\/1"}],"replies":[{"embeddable":true,"href":"https:\/\/sibenik-meteo.hr\/index.php\/wp-json\/wp\/v2\/comments?post=3162"}],"version-history":[{"count":2,"href":"https:\/\/sibenik-meteo.hr\/index.php\/wp-json\/wp\/v2\/posts\/3162\/revisions"}],"predecessor-version":[{"id":3165,"href":"https:\/\/sibenik-meteo.hr\/index.php\/wp-json\/wp\/v2\/posts\/3162\/revisions\/3165"}],"wp:featuredmedia":[{"embeddable":true,"href":"https:\/\/sibenik-meteo.hr\/index.php\/wp-json\/wp\/v2\/media\/3163"}],"wp:attachment":[{"href":"https:\/\/sibenik-meteo.hr\/index.php\/wp-json\/wp\/v2\/media?parent=3162"}],"wp:term":[{"taxonomy":"category","embeddable":true,"href":"https:\/\/sibenik-meteo.hr\/index.php\/wp-json\/wp\/v2\/categories?post=3162"},{"taxonomy":"post_tag","embeddable":true,"href":"https:\/\/sibenik-meteo.hr\/index.php\/wp-json\/wp\/v2\/tags?post=3162"}],"curies":[{"name":"wp","href":"https:\/\/api.w.org\/{rel}","templated":true}]}}