{"id":3093,"date":"2022-06-30T08:22:37","date_gmt":"2022-06-30T06:22:37","guid":{"rendered":"https:\/\/sibenik-meteo.hr\/?p=3093"},"modified":"2022-06-30T08:32:31","modified_gmt":"2022-06-30T06:32:31","slug":"jak-potres-zatresao-hercegovinu","status":"publish","type":"post","link":"https:\/\/sibenik-meteo.hr\/index.php\/2022\/06\/30\/jak-potres-zatresao-hercegovinu\/","title":{"rendered":"Jak potres zatresao Hercegovinu"},"content":{"rendered":"\n<p>Danas, 30. lipnja 2022. godine u 8 sati i 7 minuta seizmografi  Seizmolo\u0161ke slu\u017ebe Republike Hrvatske zabilje\u017eili su jak potres s  epicentrom kod Listice BiH. Magnituda potresa iznosila je 4.9 prema  Richteru, a intenzitet u epicentru procijenjen je na Vi-VII stupnja EMS  ljestvice. <\/p>\n\n\n\n<p>EMSC prenosi malo ni\u017eu vrijednost od 4.7 Richtera u istom terminu. Epicentar potresa je bio u blizini \u0160irokog Brijega, na dubini od 5km.<\/p>\n\n\n\n<p>Potres se osim u epicentralonom podru\u010dju osjetio i u \u0161iroj regiji, tako i u cijeloj Dalmaciji. <\/p>\n\n\n\n<div class=\"wp-block-image\"><figure class=\"aligncenter\"><img loading=\"lazy\" decoding=\"async\" width=\"750\" height=\"883\" src=\"https:\/\/sibenik-meteo.hr\/wp-content\/uploads\/2022\/06\/B01BC536-75C5-40A1-8750-CDF63026A45D.jpeg\" alt=\"\" class=\"wp-image-3096\" srcset=\"https:\/\/sibenik-meteo.hr\/wp-content\/uploads\/2022\/06\/B01BC536-75C5-40A1-8750-CDF63026A45D.jpeg 750w, https:\/\/sibenik-meteo.hr\/wp-content\/uploads\/2022\/06\/B01BC536-75C5-40A1-8750-CDF63026A45D-255x300.jpeg 255w\" sizes=\"auto, (max-width: 750px) 100vw, 750px\" \/><\/figure><\/div>\n","protected":false},"excerpt":{"rendered":"<p>Danas, 30. lipnja 2022. godine u 8 sati i 7 minuta seizmografi Seizmolo\u0161ke slu\u017ebe Republike&#8230;<\/p>\n","protected":false},"author":1,"featured_media":1148,"comment_status":"closed","ping_status":"open","sticky":false,"template":"","format":"standard","meta":{"_monsterinsights_skip_tracking":false,"_monsterinsights_sitenote_active":false,"_monsterinsights_sitenote_note":"","_monsterinsights_sitenote_category":0,"footnotes":""},"categories":[255],"tags":[254,16,271,48],"class_list":["post-3093","post","type-post","status-publish","format-standard","has-post-thumbnail","hentry","category-regija","tag-bosna-i-hercegovina","tag-dalmacija","tag-most","tag-potres"],"_links":{"self":[{"href":"https:\/\/sibenik-meteo.hr\/index.php\/wp-json\/wp\/v2\/posts\/3093","targetHints":{"allow":["GET"]}}],"collection":[{"href":"https:\/\/sibenik-meteo.hr\/index.php\/wp-json\/wp\/v2\/posts"}],"about":[{"href":"https:\/\/sibenik-meteo.hr\/index.php\/wp-json\/wp\/v2\/types\/post"}],"author":[{"embeddable":true,"href":"https:\/\/sibenik-meteo.hr\/index.php\/wp-json\/wp\/v2\/users\/1"}],"replies":[{"embeddable":true,"href":"https:\/\/sibenik-meteo.hr\/index.php\/wp-json\/wp\/v2\/comments?post=3093"}],"version-history":[{"count":3,"href":"https:\/\/sibenik-meteo.hr\/index.php\/wp-json\/wp\/v2\/posts\/3093\/revisions"}],"predecessor-version":[{"id":3097,"href":"https:\/\/sibenik-meteo.hr\/index.php\/wp-json\/wp\/v2\/posts\/3093\/revisions\/3097"}],"wp:featuredmedia":[{"embeddable":true,"href":"https:\/\/sibenik-meteo.hr\/index.php\/wp-json\/wp\/v2\/media\/1148"}],"wp:attachment":[{"href":"https:\/\/sibenik-meteo.hr\/index.php\/wp-json\/wp\/v2\/media?parent=3093"}],"wp:term":[{"taxonomy":"category","embeddable":true,"href":"https:\/\/sibenik-meteo.hr\/index.php\/wp-json\/wp\/v2\/categories?post=3093"},{"taxonomy":"post_tag","embeddable":true,"href":"https:\/\/sibenik-meteo.hr\/index.php\/wp-json\/wp\/v2\/tags?post=3093"}],"curies":[{"name":"wp","href":"https:\/\/api.w.org\/{rel}","templated":true}]}}