{"id":2986,"date":"2022-06-08T10:31:53","date_gmt":"2022-06-08T08:31:53","guid":{"rendered":"https:\/\/sibenik-meteo.hr\/?p=2986"},"modified":"2022-06-08T10:31:54","modified_gmt":"2022-06-08T08:31:54","slug":"u-naredna-dva-dana-nestabilno-i-hladnije","status":"publish","type":"post","link":"https:\/\/sibenik-meteo.hr\/index.php\/2022\/06\/08\/u-naredna-dva-dana-nestabilno-i-hladnije\/","title":{"rendered":"U naredna dva dana nestabilno i hladnije"},"content":{"rendered":"\n<p>Dolina s frontalnim sustavom odmi\u010de dalje prema istoku, a sa zapada se Jadranu pribli\u017eava nova plitka ciklona koja \u0107e ve\u0107 danas, a ponajprije sutra donijeti zna\u010dajniju promjenu vremena i kraj prvog ovoljetnog toplinskog vala.<\/p>\n\n\n\n<p>Ve\u0107 protekle no\u0107i nad Jadranom je bilo nestabilno uz lokalne neverine, a jutro na \u0161ibenskom podru\u010dju prolazi uz djelomice sun\u010dano vrijeme. Nastavak dana donijeti \u0107e sli\u010dne vremenske prilike uz iznimku mogu\u0107nosti za pojavu lokalnih pljuskova u zale\u0111u u sklopu dnevnog razvoja naoblake. Puhati \u0107e slabi vjetrovi sjevernih i sjeverozapadnih smjerova, a da\u0161ak osvje\u017eenja osjetiti \u0107e se i na temperaturama zraka koje \u0107e u odnosu na prethodne dane biti malo ni\u017ee i kretati se od 25 do 27\u00b0C. <\/p>\n\n\n\n<p>Nave\u010der i osobito u no\u0107i na \u010detvrtak sa mora se o\u010dekuje primicanje ja\u010de obla\u010dne mase koja \u0107e ve\u0107 u ranim jutarnjim satima te kasnije u nastavcima kroz ve\u0107i dio dana donijeti \u010deste pljuskove i neverine uz mogu\u0107nost za lokalno izra\u017eenija grmljavinska nevremena te obilne oborine. Prolazno slabo do umjereno jugo te tijekom dana slabi vjetrovi promjenljivih smjerova nave\u010der \u0107e zamjeniti umjereno jaka bura koja \u0107e uz osvje\u017eenje donijeti i prestanak oborina te djelomi\u010dno razvedravanje. Temperature zraka \u0107e biti u izra\u017eenom padu i ispod prosjeka za mjesec lipanj i kretati se izme\u0111u 18 i 23\u00b0C.<\/p>\n\n\n\n<p>I u vjetroviti petak jo\u0161 mo\u017ee biti prolaznih nestabilnosti i lokalnih pljuskova ali generalno nastupiti \u0107e stabilizacija vremenskih prilika uz djelomice do prete\u017eno sun\u010dano vrijeme koja \u0107e se nastaviti i u danima vikenda uz naznaku slabljenja vjetra i porast temperatura zraka. Nakon jutarnjih 17 maksimalne dnevne temperature zraka u petak \u0107e porasti do 28\u00b0C.<\/p>\n","protected":false},"excerpt":{"rendered":"<p>Dolina s frontalnim sustavom odmi\u010de dalje prema istoku, a sa zapada se Jadranu pribli\u017eava nova&#8230;<\/p>\n","protected":false},"author":1,"featured_media":2987,"comment_status":"closed","ping_status":"open","sticky":false,"template":"","format":"standard","meta":{"_monsterinsights_skip_tracking":false,"_monsterinsights_sitenote_active":false,"_monsterinsights_sitenote_note":"","_monsterinsights_sitenote_category":0,"footnotes":""},"categories":[3],"tags":[16,115,222,96,61],"class_list":["post-2986","post","type-post","status-publish","format-standard","has-post-thumbnail","hentry","category-lokalno-vrijeme","tag-dalmacija","tag-grmljavina","tag-lokalna-prognoza","tag-nevrijeme","tag-sibenik"],"_links":{"self":[{"href":"https:\/\/sibenik-meteo.hr\/index.php\/wp-json\/wp\/v2\/posts\/2986","targetHints":{"allow":["GET"]}}],"collection":[{"href":"https:\/\/sibenik-meteo.hr\/index.php\/wp-json\/wp\/v2\/posts"}],"about":[{"href":"https:\/\/sibenik-meteo.hr\/index.php\/wp-json\/wp\/v2\/types\/post"}],"author":[{"embeddable":true,"href":"https:\/\/sibenik-meteo.hr\/index.php\/wp-json\/wp\/v2\/users\/1"}],"replies":[{"embeddable":true,"href":"https:\/\/sibenik-meteo.hr\/index.php\/wp-json\/wp\/v2\/comments?post=2986"}],"version-history":[{"count":1,"href":"https:\/\/sibenik-meteo.hr\/index.php\/wp-json\/wp\/v2\/posts\/2986\/revisions"}],"predecessor-version":[{"id":2988,"href":"https:\/\/sibenik-meteo.hr\/index.php\/wp-json\/wp\/v2\/posts\/2986\/revisions\/2988"}],"wp:featuredmedia":[{"embeddable":true,"href":"https:\/\/sibenik-meteo.hr\/index.php\/wp-json\/wp\/v2\/media\/2987"}],"wp:attachment":[{"href":"https:\/\/sibenik-meteo.hr\/index.php\/wp-json\/wp\/v2\/media?parent=2986"}],"wp:term":[{"taxonomy":"category","embeddable":true,"href":"https:\/\/sibenik-meteo.hr\/index.php\/wp-json\/wp\/v2\/categories?post=2986"},{"taxonomy":"post_tag","embeddable":true,"href":"https:\/\/sibenik-meteo.hr\/index.php\/wp-json\/wp\/v2\/tags?post=2986"}],"curies":[{"name":"wp","href":"https:\/\/api.w.org\/{rel}","templated":true}]}}