{"id":297,"date":"2020-03-29T12:46:52","date_gmt":"2020-03-29T10:46:52","guid":{"rendered":"http:\/\/sibenik-meteo.hr\/?p=297"},"modified":"2020-03-29T12:48:27","modified_gmt":"2020-03-29T10:48:27","slug":"bliski-istok-zahvatila-pjescana-oluja","status":"publish","type":"post","link":"https:\/\/sibenik-meteo.hr\/index.php\/2020\/03\/29\/bliski-istok-zahvatila-pjescana-oluja\/","title":{"rendered":"Bliski istok zahvatila pje\u0161\u010dana oluja"},"content":{"rendered":"\n<p>Visoka koncentracija \npra\u0161ine i danas se mjeri na brojnim postajama kako u zemlji tako i u \nregiji, a sve kao posljedica pritjecanja zra\u010dne mase s istoka koja osim \n\u0161to obiluje pustinjskim pijeskom sadr\u017eava pelud ali smog kojeg je \npokupila putem a nastao je izgaranjem u industriji i grijanjem.<\/p>\n\n\n\n<p>Veliki  dio Bliskog istoka zahvatila je sna\u017ena pje\u0161\u010dana oluja, a najgore je  prema pisanjima medija u Saudijskoj Arabiji i Kataru gdje je uvedena  karantena zbog korona virusa trebala zavr\u0161iti ali zbog iznimno sna\u017ene  pje\u0161\u010dane oluje stanovni\u0161tvo je pozvano da i dalje ostane u svojim  domovima.<\/p>\n\n\n\n<figure class=\"wp-block-embed-youtube wp-block-embed\"><div class=\"wp-block-embed__wrapper\">\nhttps:\/\/www.youtube.com\/watch?time_continue=3&#038;v=hYwYTlAKgS4&#038;feature=emb_logo\n<\/div><\/figure>\n\n\n\n<p>Posljednjih nekoliko \ndana na vrijeme kod nas utje\u010de ciklona u srednjem Sredozemlju koja na \nsvojoj prednjoj strani usisava pijesak iz Afrike, zatim ga sna\u017enim \nzapadnim vjetrom prenosi nad podru\u010dje Turske odakle ga pak isto\u010dnjak i \nsjeveroisto\u010dnjak vra\u0107a k nama. U ovakvoj situaciji, isto\u010dni vjetrovi \ndodatno mogu donijeti i pijesak iz pustinja srednje Azije koji pak ovamo\n sti\u017ee na stra\u017enjoj strani druge ciklone koja se pozicionirala nad \nisto\u010dnim Mediteranom rekla je sino\u0107 Dunja Mazzocco Drvar u <a href=\"http:\/\/www.rtl.hr\/vijesti-hr\/novosti\/hrvatska\/3672021\/prljavi-zrak-nad-hrvatskom-dunja-mazzocco-drvar-objasnjava-odakle-toliko-oneciscenje\/\" target=\"_blank\" rel=\"noreferrer noopener\">RTL Vijestima<\/a>.<\/p>\n\n\n\n<p>Saharski\n pijesak u ovom dijelu Europe i nije osobito rijedak, gotovo svaka \nSredozemna ciklona donijet \u0107e ga manje ili vi\u0161e u jugoisto\u010dni dio \nkontinenta, ali su ovakve situacije u kojima ga ima vi\u0161e u sjevernim \ndijelovima zemlje nego na moru su prili\u010dno rijetke.<\/p>\n\n\n\n<p>Obzirom\n da \u0107e u narednim danima do\u0107i do promjene visinskog strujanja uz \npritjecanje hladne zra\u010dne mase sa sjevera kontinenta atmosfera \u0107e se \npro\u010distiti, a vidljivost znatno pobolj\u0161ati.<\/p>\n","protected":false},"excerpt":{"rendered":"<p>Visoka koncentracija pra\u0161ine i danas se mjeri na brojnim postajama kako u zemlji tako i&#8230;<\/p>\n","protected":false},"author":1,"featured_media":299,"comment_status":"closed","ping_status":"open","sticky":false,"template":"","format":"standard","meta":{"_monsterinsights_skip_tracking":false,"_monsterinsights_sitenote_active":false,"_monsterinsights_sitenote_note":"","_monsterinsights_sitenote_category":0,"footnotes":""},"categories":[9],"tags":[],"class_list":["post-297","post","type-post","status-publish","format-standard","has-post-thumbnail","hentry","category-svijet"],"_links":{"self":[{"href":"https:\/\/sibenik-meteo.hr\/index.php\/wp-json\/wp\/v2\/posts\/297","targetHints":{"allow":["GET"]}}],"collection":[{"href":"https:\/\/sibenik-meteo.hr\/index.php\/wp-json\/wp\/v2\/posts"}],"about":[{"href":"https:\/\/sibenik-meteo.hr\/index.php\/wp-json\/wp\/v2\/types\/post"}],"author":[{"embeddable":true,"href":"https:\/\/sibenik-meteo.hr\/index.php\/wp-json\/wp\/v2\/users\/1"}],"replies":[{"embeddable":true,"href":"https:\/\/sibenik-meteo.hr\/index.php\/wp-json\/wp\/v2\/comments?post=297"}],"version-history":[{"count":2,"href":"https:\/\/sibenik-meteo.hr\/index.php\/wp-json\/wp\/v2\/posts\/297\/revisions"}],"predecessor-version":[{"id":300,"href":"https:\/\/sibenik-meteo.hr\/index.php\/wp-json\/wp\/v2\/posts\/297\/revisions\/300"}],"wp:featuredmedia":[{"embeddable":true,"href":"https:\/\/sibenik-meteo.hr\/index.php\/wp-json\/wp\/v2\/media\/299"}],"wp:attachment":[{"href":"https:\/\/sibenik-meteo.hr\/index.php\/wp-json\/wp\/v2\/media?parent=297"}],"wp:term":[{"taxonomy":"category","embeddable":true,"href":"https:\/\/sibenik-meteo.hr\/index.php\/wp-json\/wp\/v2\/categories?post=297"},{"taxonomy":"post_tag","embeddable":true,"href":"https:\/\/sibenik-meteo.hr\/index.php\/wp-json\/wp\/v2\/tags?post=297"}],"curies":[{"name":"wp","href":"https:\/\/api.w.org\/{rel}","templated":true}]}}