{"id":2848,"date":"2022-05-27T08:33:47","date_gmt":"2022-05-27T06:33:47","guid":{"rendered":"https:\/\/sibenik-meteo.hr\/?p=2848"},"modified":"2022-05-27T08:33:48","modified_gmt":"2022-05-27T06:33:48","slug":"produljeni-vikend-donosi-pogorsanje-vremena","status":"publish","type":"post","link":"https:\/\/sibenik-meteo.hr\/index.php\/2022\/05\/27\/produljeni-vikend-donosi-pogorsanje-vremena\/","title":{"rendered":"Produljeni vikend donosi pogor\u0161anje vremena"},"content":{"rendered":"\n<p>Ve\u0107 danima Jadran se nalazi u polju izjedna\u010denog ili malo sni\u017eeg tlaka zraka dok se glavnina frontalnih sustava premje\u0161ta sjevernije od njega gdje je  prethodnih dana bilo i izra\u017eenijih nevremena pra\u0107enih grmljavinskim pljuskovima i tu\u010dom.<\/p>\n\n\n\n<p>Gotovo ljetne vremenske prilike na samom kraju klimatolo\u0161kog prolje\u0107a sa maksimalnim dnevnim temperaturama zraka koje se penju i do 30 stupnjeva  djelomice kvari tek povremno visoka koprenasta naoblaka i jugo koje je u no\u0107i oslabilo.<\/p>\n\n\n\n<p>U danima produljenog vikenda ipak nas o\u010dekuje prolazna promjena vremena koja \u0107e donijeti osvje\u017eenje i pad temperatura zraka, a oborine \u0107e biti uglavnom slabe i tek lokalno uz pojavu grmljavinskih pljuskova vrijedne spomena.<\/p>\n\n\n\n<p>Jutro\u0161nje prognosti\u010dke karte sugeriraju da \u0107e se frontalni sustavi koji se pribli\u017eavaju sa sjevera kontinenta svojom glavninom preko Jadrana premjestiti u drugom dijelu nedjelje kada se o\u010dekuje povremena ki\u0161a i grmljavinski pljuskovi. Ostali dani produljenog vikenda donijeti \u0107e djelomice do prete\u017eno obla\u010dno vrijeme tijekom subote i prvog dijela nedjelje, a u ponedjeljak \u0107e uslijediti razvedravanje uz djelomice do prete\u017eno sun\u010dano vrijeme.<\/p>\n\n\n\n<p>U petak \u0107e prevladavat sun\u010dano, povremeno uz umjerenu naoblaku. Puhat \u0107e slab do  umjeren jugozapadni, ve\u0107inom prema otvorenom moru i sjeverozapadni  vjetar. Najni\u017ea jutarnja temperatura zraka od 18 do 22, u unutra\u0161njosti malo  ni\u017ea, dok \u0107e najvi\u0161a dnevna biti izme\u0111u 27 i 31\u00b0C.<\/p>\n\n\n\n<p>Sutra \u0107e sredinom dana na moru prolazno poja\u010dati jugo ali samo kratko jer se nave\u010der o\u010dekuje okretanje i ja\u010danje vjetra na umjerenu do umjereno jaku buru koja \u0107e u nedjelju oslabiti i okrenuti na slab do umjeren sjeverozapadnjak.<\/p>\n\n\n\n<p>Ljetne temperature zraka od 22 do 28\u00b0C grijati \u0107e nas i tijekom subote dok se u nedjelju o\u010dekuje manji pad za dva do tri stupnja.  Trend pritjecanja svje\u017eijeg zraka nastaviti \u0107e se i u ponedjeljak pa \u0107e se temperature zraka dodatno sniziti za dva do tri stupnja i kretati se od minimalnih 18 do maksimalno dnevnih 23\u00b0C.<\/p>\n\n\n\n<figure class=\"wp-block-image\"><img loading=\"lazy\" decoding=\"async\" width=\"800\" height=\"600\" src=\"https:\/\/sibenik-meteo.hr\/wp-content\/uploads\/2022\/04\/P1011241.jpg\" alt=\"\" class=\"wp-image-2533\" srcset=\"https:\/\/sibenik-meteo.hr\/wp-content\/uploads\/2022\/04\/P1011241.jpg 800w, https:\/\/sibenik-meteo.hr\/wp-content\/uploads\/2022\/04\/P1011241-300x225.jpg 300w, https:\/\/sibenik-meteo.hr\/wp-content\/uploads\/2022\/04\/P1011241-768x576.jpg 768w\" sizes=\"auto, (max-width: 800px) 100vw, 800px\" \/><\/figure>\n\n\n\n<p><br><\/p>\n\n\n\n<p><\/p>\n","protected":false},"excerpt":{"rendered":"<p>Ve\u0107 danima Jadran se nalazi u polju izjedna\u010denog ili malo sni\u017eeg tlaka zraka dok se&#8230;<\/p>\n","protected":false},"author":2,"featured_media":2849,"comment_status":"closed","ping_status":"open","sticky":false,"template":"","format":"standard","meta":{"_monsterinsights_skip_tracking":false,"_monsterinsights_sitenote_active":false,"_monsterinsights_sitenote_note":"","_monsterinsights_sitenote_category":0,"footnotes":""},"categories":[3],"tags":[16,222,369,61,340],"class_list":["post-2848","post","type-post","status-publish","format-standard","has-post-thumbnail","hentry","category-lokalno-vrijeme","tag-dalmacija","tag-lokalna-prognoza","tag-pogorsanje-vremena","tag-sibenik","tag-vikend-prognoza"],"_links":{"self":[{"href":"https:\/\/sibenik-meteo.hr\/index.php\/wp-json\/wp\/v2\/posts\/2848","targetHints":{"allow":["GET"]}}],"collection":[{"href":"https:\/\/sibenik-meteo.hr\/index.php\/wp-json\/wp\/v2\/posts"}],"about":[{"href":"https:\/\/sibenik-meteo.hr\/index.php\/wp-json\/wp\/v2\/types\/post"}],"author":[{"embeddable":true,"href":"https:\/\/sibenik-meteo.hr\/index.php\/wp-json\/wp\/v2\/users\/2"}],"replies":[{"embeddable":true,"href":"https:\/\/sibenik-meteo.hr\/index.php\/wp-json\/wp\/v2\/comments?post=2848"}],"version-history":[{"count":1,"href":"https:\/\/sibenik-meteo.hr\/index.php\/wp-json\/wp\/v2\/posts\/2848\/revisions"}],"predecessor-version":[{"id":2850,"href":"https:\/\/sibenik-meteo.hr\/index.php\/wp-json\/wp\/v2\/posts\/2848\/revisions\/2850"}],"wp:featuredmedia":[{"embeddable":true,"href":"https:\/\/sibenik-meteo.hr\/index.php\/wp-json\/wp\/v2\/media\/2849"}],"wp:attachment":[{"href":"https:\/\/sibenik-meteo.hr\/index.php\/wp-json\/wp\/v2\/media?parent=2848"}],"wp:term":[{"taxonomy":"category","embeddable":true,"href":"https:\/\/sibenik-meteo.hr\/index.php\/wp-json\/wp\/v2\/categories?post=2848"},{"taxonomy":"post_tag","embeddable":true,"href":"https:\/\/sibenik-meteo.hr\/index.php\/wp-json\/wp\/v2\/tags?post=2848"}],"curies":[{"name":"wp","href":"https:\/\/api.w.org\/{rel}","templated":true}]}}