{"id":2676,"date":"2022-04-22T11:03:34","date_gmt":"2022-04-22T09:03:34","guid":{"rendered":"https:\/\/sibenik-meteo.hr\/?p=2676"},"modified":"2022-04-22T11:04:48","modified_gmt":"2022-04-22T09:04:48","slug":"promjenljivo-proljetno-vrijeme-i-u-danima-vikenda","status":"publish","type":"post","link":"https:\/\/sibenik-meteo.hr\/index.php\/2022\/04\/22\/promjenljivo-proljetno-vrijeme-i-u-danima-vikenda\/","title":{"rendered":"Promjenljivo proljetno vrijeme i u danima vikenda"},"content":{"rendered":"\n<p>Sredozemna ciklona polako se popunjava i s Tirenskog mora premje\u0161ta se nad Jadran odakle \u0107e nastaviti dalje na sjeveroistok. Upravo je protekla no\u0107 donijela glavninu pogor\u0161anja vremena uz jako jugo i povremenu ki\u0161u, a tijekom jutra na otvorenom moru je nastupilo raskidanje naoblake koje je djelomice zahvatilo i dio obale dok u zale\u0111u i dalje prevladava prete\u017eno obla\u010dno vrijeme uz ki\u0161u te lokalne grmljavinske pljuskove.<\/p>\n\n\n\n<p>Nastavak dana \u0107e barem uz obalu donijeti prolaznu stabilizaciju vremena uz \u010destu izmjenu sun\u010danih i obla\u010dnih perioda te mogu\u0107nost za lokalne pljuskove. U zale\u0111u \u0107e i dalje biti dosta promjenljivo uz \u010de\u0161\u0107u mogu\u0107nost za pljuskove koji mogu biti pra\u0107eni i grmljavinom. Jugo \u0107e biti u slabljenju i do ve\u010deri \u0107e gotovo potpuno prestati, a temperature zraka ne\u0107e imati veliki dnevni hod i kretati \u0107e se od 14 do 17\u00b0C.<\/p>\n\n\n\n<p>I u danima vikenda dosta promjenljivo vrijeme uz \u010deste izmjene sun\u010danih i obla\u010dnih perioda te mogu\u0107nost za lokalne pljuskove i to osobito nedjelju kada osim u zale\u0111u pljuskova pra\u0107enih grmljavinom mo\u017ee biti i uz obalu. Jugo \u0107e od sutra ponovno ja\u010dati na umjereno do umjereno jako i puhati tijekom cijelog vikenda uz temperature zraka koje \u0107e biti i dalje bez ve\u0107e promjene.<\/p>\n\n\n\n<div class=\"wp-block-image\"><figure class=\"aligncenter\"><img loading=\"lazy\" decoding=\"async\" width=\"720\" height=\"720\" src=\"https:\/\/sibenik-meteo.hr\/wp-content\/uploads\/2022\/04\/web_fronte_sutra12-4.jpg\" alt=\"\" class=\"wp-image-2677\" srcset=\"https:\/\/sibenik-meteo.hr\/wp-content\/uploads\/2022\/04\/web_fronte_sutra12-4.jpg 720w, https:\/\/sibenik-meteo.hr\/wp-content\/uploads\/2022\/04\/web_fronte_sutra12-4-150x150.jpg 150w, https:\/\/sibenik-meteo.hr\/wp-content\/uploads\/2022\/04\/web_fronte_sutra12-4-300x300.jpg 300w\" sizes=\"auto, (max-width: 720px) 100vw, 720px\" \/><figcaption>Sinopti\u010dka situacija u subotu, DHMZ<\/figcaption><\/figure><\/div>\n","protected":false},"excerpt":{"rendered":"<p>Sredozemna ciklona polako se popunjava i s Tirenskog mora premje\u0161ta se nad Jadran odakle \u0107e&#8230;<\/p>\n","protected":false},"author":1,"featured_media":2678,"comment_status":"closed","ping_status":"open","sticky":false,"template":"","format":"standard","meta":{"_monsterinsights_skip_tracking":false,"_monsterinsights_sitenote_active":false,"_monsterinsights_sitenote_note":"","_monsterinsights_sitenote_category":0,"footnotes":""},"categories":[3],"tags":[16,50,222,340],"class_list":["post-2676","post","type-post","status-publish","format-standard","has-post-thumbnail","hentry","category-lokalno-vrijeme","tag-dalmacija","tag-dhmz","tag-lokalna-prognoza","tag-vikend-prognoza"],"_links":{"self":[{"href":"https:\/\/sibenik-meteo.hr\/index.php\/wp-json\/wp\/v2\/posts\/2676","targetHints":{"allow":["GET"]}}],"collection":[{"href":"https:\/\/sibenik-meteo.hr\/index.php\/wp-json\/wp\/v2\/posts"}],"about":[{"href":"https:\/\/sibenik-meteo.hr\/index.php\/wp-json\/wp\/v2\/types\/post"}],"author":[{"embeddable":true,"href":"https:\/\/sibenik-meteo.hr\/index.php\/wp-json\/wp\/v2\/users\/1"}],"replies":[{"embeddable":true,"href":"https:\/\/sibenik-meteo.hr\/index.php\/wp-json\/wp\/v2\/comments?post=2676"}],"version-history":[{"count":2,"href":"https:\/\/sibenik-meteo.hr\/index.php\/wp-json\/wp\/v2\/posts\/2676\/revisions"}],"predecessor-version":[{"id":2680,"href":"https:\/\/sibenik-meteo.hr\/index.php\/wp-json\/wp\/v2\/posts\/2676\/revisions\/2680"}],"wp:featuredmedia":[{"embeddable":true,"href":"https:\/\/sibenik-meteo.hr\/index.php\/wp-json\/wp\/v2\/media\/2678"}],"wp:attachment":[{"href":"https:\/\/sibenik-meteo.hr\/index.php\/wp-json\/wp\/v2\/media?parent=2676"}],"wp:term":[{"taxonomy":"category","embeddable":true,"href":"https:\/\/sibenik-meteo.hr\/index.php\/wp-json\/wp\/v2\/categories?post=2676"},{"taxonomy":"post_tag","embeddable":true,"href":"https:\/\/sibenik-meteo.hr\/index.php\/wp-json\/wp\/v2\/tags?post=2676"}],"curies":[{"name":"wp","href":"https:\/\/api.w.org\/{rel}","templated":true}]}}