{"id":2643,"date":"2022-04-20T11:19:16","date_gmt":"2022-04-20T09:19:16","guid":{"rendered":"https:\/\/sibenik-meteo.hr\/?p=2643"},"modified":"2022-04-20T11:20:05","modified_gmt":"2022-04-20T09:20:05","slug":"sutra-novo-pogorsanje-vremena-uz-jako-jugo","status":"publish","type":"post","link":"https:\/\/sibenik-meteo.hr\/index.php\/2022\/04\/20\/sutra-novo-pogorsanje-vremena-uz-jako-jugo\/","title":{"rendered":"Sutra novo pogor\u0161anje vremena uz jako jugo"},"content":{"rendered":"\n<p>Protekle no\u0107i kako je i najavljeno ve\u0107i dio zemlje zahvatila je glavnina pogor\u0161anja vremena koja je bila pra\u0107ena ki\u0161om, a u vi\u0161em gorju bilo je i snijega. Jutros u ve\u0107ini krajeva nastupilo je raskidanje naoblake, a na Jadranu je zapuhala umjerena do umjereno jaka bura.<\/p>\n\n\n\n<p>Srijeda donosi jednodnevnu i prolaznu stabilizaciju vremena prije sutra\u0161njeg novog vala pogor\u0161anja vremena u sklopu Sredozemne ciklone koja se brzo pribli\u017eava iz zapadnog Sredozemlja.<\/p>\n\n\n\n<p>U nastavku dana prevladavati \u0107e prete\u017eno sun\u010dano vrijeme uz buru koja \u0107e od sredine dana oslabiti i na moru okrenuti na slab do umjeren sjeverozapadnjak, a poslijepodne i nave\u010der vjetar \u0107e postpuno oslabiti. Temperature zraka neznatno \u0107e se sniziti u odnosu na prethodne dane ali dojam hladnijeg vremena ostavljati \u0107e poja\u010dana bura i sjeverozapadnjak.<\/p>\n\n\n\n<p>Sutra nastupa izra\u017eenija promjena vremena koja \u0107e biti ponajprije obilje\u017eena naglim ja\u010danjem juga koje \u0107e do ve\u010dernjih sati puhati umjereno jako do jako, a u no\u0107i na petak o\u010dekuju se ujedno i njegovi naja\u010di olujni udari. Tijekom petka nastupiti \u0107e slabljenje juga i okretanje na jugozapadne smjerove. <\/p>\n\n\n\n<div class=\"wp-block-image\"><figure class=\"aligncenter\"><img loading=\"lazy\" decoding=\"async\" width=\"853\" height=\"480\" src=\"https:\/\/sibenik-meteo.hr\/wp-content\/uploads\/2022\/04\/130082115_878756886267219_6251614203145801981_n.jpg\" alt=\"\" class=\"wp-image-2628\" srcset=\"https:\/\/sibenik-meteo.hr\/wp-content\/uploads\/2022\/04\/130082115_878756886267219_6251614203145801981_n.jpg 853w, https:\/\/sibenik-meteo.hr\/wp-content\/uploads\/2022\/04\/130082115_878756886267219_6251614203145801981_n-300x169.jpg 300w, https:\/\/sibenik-meteo.hr\/wp-content\/uploads\/2022\/04\/130082115_878756886267219_6251614203145801981_n-768x432.jpg 768w\" sizes=\"auto, (max-width: 853px) 100vw, 853px\" \/><figcaption>Punta Planka Foto: Alan Grubeli\u0107<\/figcaption><\/figure><\/div>\n\n\n\n<p>Ve\u0107 ove no\u0107i s mora \u0107e nastupiti postupni porast naoblake, a obla\u010dno vrijeme uz povremenu slabu ki\u0161u prevladavati \u0107e ve\u0107i dio dana. I u prvom dijelu petka se o\u010dekuje dosta promjenljivo i nestabilno vrijeme uz povremenu ki\u0161u i lokalne grmljavinske pljuskove, a u drugom dijelu dana nastupiti \u0107e postupna stabilizacija vremenskih prilika koja \u0107e biti uvod u stabilan i djelomice do prete\u017eno sun\u010dan vikend.<br><\/p>\n\n\n\n<p><\/p>\n","protected":false},"excerpt":{"rendered":"<p>Protekle no\u0107i kako je i najavljeno ve\u0107i dio zemlje zahvatila je glavnina pogor\u0161anja vremena koja&#8230;<\/p>\n","protected":false},"author":1,"featured_media":2644,"comment_status":"closed","ping_status":"open","sticky":false,"template":"","format":"standard","meta":{"_monsterinsights_skip_tracking":false,"_monsterinsights_sitenote_active":false,"_monsterinsights_sitenote_note":"","_monsterinsights_sitenote_category":0,"footnotes":""},"categories":[3],"tags":[136,100,40,222,67],"class_list":["post-2643","post","type-post","status-publish","format-standard","has-post-thumbnail","hentry","category-lokalno-vrijeme","tag-ciklona","tag-jugo","tag-kisa","tag-lokalna-prognoza","tag-sredozemlje"],"_links":{"self":[{"href":"https:\/\/sibenik-meteo.hr\/index.php\/wp-json\/wp\/v2\/posts\/2643","targetHints":{"allow":["GET"]}}],"collection":[{"href":"https:\/\/sibenik-meteo.hr\/index.php\/wp-json\/wp\/v2\/posts"}],"about":[{"href":"https:\/\/sibenik-meteo.hr\/index.php\/wp-json\/wp\/v2\/types\/post"}],"author":[{"embeddable":true,"href":"https:\/\/sibenik-meteo.hr\/index.php\/wp-json\/wp\/v2\/users\/1"}],"replies":[{"embeddable":true,"href":"https:\/\/sibenik-meteo.hr\/index.php\/wp-json\/wp\/v2\/comments?post=2643"}],"version-history":[{"count":1,"href":"https:\/\/sibenik-meteo.hr\/index.php\/wp-json\/wp\/v2\/posts\/2643\/revisions"}],"predecessor-version":[{"id":2645,"href":"https:\/\/sibenik-meteo.hr\/index.php\/wp-json\/wp\/v2\/posts\/2643\/revisions\/2645"}],"wp:featuredmedia":[{"embeddable":true,"href":"https:\/\/sibenik-meteo.hr\/index.php\/wp-json\/wp\/v2\/media\/2644"}],"wp:attachment":[{"href":"https:\/\/sibenik-meteo.hr\/index.php\/wp-json\/wp\/v2\/media?parent=2643"}],"wp:term":[{"taxonomy":"category","embeddable":true,"href":"https:\/\/sibenik-meteo.hr\/index.php\/wp-json\/wp\/v2\/categories?post=2643"},{"taxonomy":"post_tag","embeddable":true,"href":"https:\/\/sibenik-meteo.hr\/index.php\/wp-json\/wp\/v2\/tags?post=2643"}],"curies":[{"name":"wp","href":"https:\/\/api.w.org\/{rel}","templated":true}]}}