{"id":2588,"date":"2022-04-14T10:09:31","date_gmt":"2022-04-14T08:09:31","guid":{"rendered":"https:\/\/sibenik-meteo.hr\/?p=2588"},"modified":"2022-04-14T10:12:57","modified_gmt":"2022-04-14T08:12:57","slug":"obilna-kisa-uzrokovala-je-poplave-i-klizista-u-kwazulu-natalu-u-juznoj-africi-306-poginulih-do-sada","status":"publish","type":"post","link":"https:\/\/sibenik-meteo.hr\/index.php\/2022\/04\/14\/obilna-kisa-uzrokovala-je-poplave-i-klizista-u-kwazulu-natalu-u-juznoj-africi-306-poginulih-do-sada\/","title":{"rendered":"Obilna ki\u0161a uzrokovala je poplave i klizi\u0161ta u KwaZulu-Natalu u Ju\u017enoj Africi &#8211; 306 poginulih do sada"},"content":{"rendered":"\n<p>Obilne ki\u0161e i poplave pogodile su u srijedu isto\u010dnu obalu Ju\u017ene Afrike, usmrtiv\u0161i najmanje 306 osoba, o\u0161tetiv\u0161i ceste i uni\u0161tiv\u0161i domove.                                  Tragedija je ozna\u010dena kao &#8220;jedan od najmra\u010dnijih trenutaka u  povijesti&#8221; pokrajine KwaZulu-Natal, objavila je regionalna vlada, prenosi <a href=\"https:\/\/edition.cnn.com\/2022\/04\/13\/africa\/south-africa-rain-floods-climate-intl\/index.html\"><em>CNN<\/em><\/a>.      <\/p>\n\n\n\n<p>                                                                                                                                           Poplave su pogodile pokrajinu KwaZulu-Natal , koja uklju\u010duje i obalni grad Durban. Ceste su popucale i ustupile mjesto dubokim pukotinama, a ogromna hrpa brodskih kontejnera sru\u0161ila se u mutne vode, pokazuju slike novinskih agencija. Most u blizini Durbana je doslovno &#8220;pometen&#8221;, a ljudi su ostali nasukani s obje strane.   <\/p>\n\n\n\n<p>KwaZulu-Natal je do\u017eivio ekstremne oborine od ponedjeljka u, kako je  pokrajinska vlada nazvala, &#8220;jednoj od najgorih vremenskih oluja u  povijesti na\u0161e zemlje&#8221; u izjavi objavljenoj na Facebooku.   <\/p>\n\n\n\n<p>    <\/p>\n\n\n\n<figure class=\"wp-block-embed-youtube aligncenter wp-block-embed is-type-video is-provider-youtube wp-embed-aspect-16-9 wp-has-aspect-ratio\"><div class=\"wp-block-embed__wrapper\">\n<iframe loading=\"lazy\" title=\"Ladysmith Floods  - CBD starting to flood as seen from the air\" width=\"640\" height=\"360\" src=\"https:\/\/www.youtube.com\/embed\/rhpxRgt6OI4?feature=oembed\" frameborder=\"0\" allow=\"accelerometer; autoplay; clipboard-write; encrypted-media; gyroscope; picture-in-picture; web-share\" referrerpolicy=\"strict-origin-when-cross-origin\" allowfullscreen><\/iframe>\n<\/div><\/figure>\n\n\n\n<p>&#8220;Obilne oborine koje su se obru\u0161ile na na\u0161u zemlju  u proteklih nekoliko dana izazvale su nevjerovatnu pusto\u0161 i izazvale ogromnu \u0161tetu \u017eivotima i infrastrukturi&#8221;, navodi se.                                                                                                                                       Pokrajinska vlada je kasnije rekla da nastavlja sura\u0111ivati  \u200b\u200bs nacionalnom vladom kako bi osigurala pru\u017eanje pomo\u0107i svima koji su  pogo\u0111eni.  <\/p>\n\n\n\n<p>Prema Odjelu za zajedni\u010dko upravljanje u kriznim situacijama KwaZulu-Natala (KZN COGTA), timovi za upravljanje katastrofama odgovorili su na niz drugih incidenata, uklju\u010duju\u0107i klizi\u0161ta u KwaDukuzi  i poplave u Ladysmithu. Bilo je i izvje\u0161\u0107a o poplavama u obalnim  podru\u010djima uklju\u010duju\u0107i Kingsburgh. <\/p>\n\n\n\n<p>Durban je zabilje\u017eio 91 mm ki\u0161e u 24 sata do 11. travnja 2022. Od 11.  travnja bila su na snazi \u200b\u200bupozorenja za poplave i daljnju jaku ki\u0161u koja je i usljedila.   <\/p>\n\n\n\n<p><\/p>\n\n\n\n<p>           <\/p>\n\n\n\n<p>   <\/p>\n","protected":false},"excerpt":{"rendered":"<p>Obilne ki\u0161e i poplave pogodile su u srijedu isto\u010dnu obalu Ju\u017ene Afrike, usmrtiv\u0161i najmanje 306&#8230;<\/p>\n","protected":false},"author":2,"featured_media":2589,"comment_status":"closed","ping_status":"open","sticky":false,"template":"","format":"standard","meta":{"_monsterinsights_skip_tracking":false,"_monsterinsights_sitenote_active":false,"_monsterinsights_sitenote_note":"","_monsterinsights_sitenote_category":0,"footnotes":""},"categories":[9],"tags":[325,324,40,37],"class_list":["post-2588","post","type-post","status-publish","format-standard","has-post-thumbnail","hentry","category-svijet","tag-afrika","tag-juzna-afrika","tag-kisa","tag-poplave"],"_links":{"self":[{"href":"https:\/\/sibenik-meteo.hr\/index.php\/wp-json\/wp\/v2\/posts\/2588","targetHints":{"allow":["GET"]}}],"collection":[{"href":"https:\/\/sibenik-meteo.hr\/index.php\/wp-json\/wp\/v2\/posts"}],"about":[{"href":"https:\/\/sibenik-meteo.hr\/index.php\/wp-json\/wp\/v2\/types\/post"}],"author":[{"embeddable":true,"href":"https:\/\/sibenik-meteo.hr\/index.php\/wp-json\/wp\/v2\/users\/2"}],"replies":[{"embeddable":true,"href":"https:\/\/sibenik-meteo.hr\/index.php\/wp-json\/wp\/v2\/comments?post=2588"}],"version-history":[{"count":2,"href":"https:\/\/sibenik-meteo.hr\/index.php\/wp-json\/wp\/v2\/posts\/2588\/revisions"}],"predecessor-version":[{"id":2591,"href":"https:\/\/sibenik-meteo.hr\/index.php\/wp-json\/wp\/v2\/posts\/2588\/revisions\/2591"}],"wp:featuredmedia":[{"embeddable":true,"href":"https:\/\/sibenik-meteo.hr\/index.php\/wp-json\/wp\/v2\/media\/2589"}],"wp:attachment":[{"href":"https:\/\/sibenik-meteo.hr\/index.php\/wp-json\/wp\/v2\/media?parent=2588"}],"wp:term":[{"taxonomy":"category","embeddable":true,"href":"https:\/\/sibenik-meteo.hr\/index.php\/wp-json\/wp\/v2\/categories?post=2588"},{"taxonomy":"post_tag","embeddable":true,"href":"https:\/\/sibenik-meteo.hr\/index.php\/wp-json\/wp\/v2\/tags?post=2588"}],"curies":[{"name":"wp","href":"https:\/\/api.w.org\/{rel}","templated":true}]}}