{"id":1983,"date":"2022-02-01T11:24:45","date_gmt":"2022-02-01T10:24:45","guid":{"rendered":"https:\/\/sibenik-meteo.hr\/?p=1983"},"modified":"2022-02-01T12:12:26","modified_gmt":"2022-02-01T11:12:26","slug":"kamera-u-pirovcu-sinoc-snimila-direktni-udar-munje-u-jarbol-jedrilice","status":"publish","type":"post","link":"https:\/\/sibenik-meteo.hr\/index.php\/2022\/02\/01\/kamera-u-pirovcu-sinoc-snimila-direktni-udar-munje-u-jarbol-jedrilice\/","title":{"rendered":"Kamera u Pirovcu sino\u0107 snimila direktni udar munje u jarbol jedrilice"},"content":{"rendered":"\n<p>Grmljavina zimi je za razliku od toplijeg dijela godine dosta rijetka pojava i naj\u010de\u0161\u0107e se pojavljuje tijekom prolaza hladnih fronti kao \u0161to je to slu\u010daj bio ju\u010der.<\/p>\n\n\n\n<p>Ju\u010dera\u0161nje grmljavinsko nevrijeme na \u0161ibenskom podru\u010dju ujedno je bilo i najintezivnije u zemlji jer ve\u0107 ju\u017enije od Punta Planke grmljavinski intenzitet je bio u opadanju.<\/p>\n\n\n\n<figure class=\"wp-block-image\"><img loading=\"lazy\" decoding=\"async\" width=\"1024\" height=\"533\" src=\"https:\/\/sibenik-meteo.hr\/wp-content\/uploads\/2022\/02\/AC6A2E85-9A37-4C5E-BB79-4E8EAAB055B0-1024x533.jpeg\" alt=\"\" class=\"wp-image-1989\" srcset=\"https:\/\/sibenik-meteo.hr\/wp-content\/uploads\/2022\/02\/AC6A2E85-9A37-4C5E-BB79-4E8EAAB055B0-1024x533.jpeg 1024w, https:\/\/sibenik-meteo.hr\/wp-content\/uploads\/2022\/02\/AC6A2E85-9A37-4C5E-BB79-4E8EAAB055B0-300x156.jpeg 300w, https:\/\/sibenik-meteo.hr\/wp-content\/uploads\/2022\/02\/AC6A2E85-9A37-4C5E-BB79-4E8EAAB055B0-768x400.jpeg 768w, https:\/\/sibenik-meteo.hr\/wp-content\/uploads\/2022\/02\/AC6A2E85-9A37-4C5E-BB79-4E8EAAB055B0.jpeg 1434w\" sizes=\"auto, (max-width: 1024px) 100vw, 1024px\" \/><figcaption>Panoramska kamera Pirovac, izvor: \u0160M<\/figcaption><\/figure>\n\n\n\n<p>Prema grmljavinskom senzoru na \u0161ibenskom podru\u010dju sino\u0107 je zabilje\u017eeno oko 500 munja, dok je u \u0161iroj regiji u vremenu od 18 do 22h ukupno bilo vi\u0161e od 4000 udara munja.<\/p>\n\n\n\n<p>Jedna od tih munja sino\u0107 je u Pirovcu udarila u vrh jarbola jedrilice \u0161to je snimila panoramska kamera.<\/p>\n\n\n\n<figure class=\"wp-block-image\"><img loading=\"lazy\" decoding=\"async\" width=\"945\" height=\"532\" src=\"https:\/\/sibenik-meteo.hr\/wp-content\/uploads\/2022\/02\/1D3AB0EC-3BFA-4777-BD99-2575F6DE1A9A.jpeg\" alt=\"\" class=\"wp-image-1984\" srcset=\"https:\/\/sibenik-meteo.hr\/wp-content\/uploads\/2022\/02\/1D3AB0EC-3BFA-4777-BD99-2575F6DE1A9A.jpeg 945w, https:\/\/sibenik-meteo.hr\/wp-content\/uploads\/2022\/02\/1D3AB0EC-3BFA-4777-BD99-2575F6DE1A9A-300x169.jpeg 300w, https:\/\/sibenik-meteo.hr\/wp-content\/uploads\/2022\/02\/1D3AB0EC-3BFA-4777-BD99-2575F6DE1A9A-768x432.jpeg 768w\" sizes=\"auto, (max-width: 945px) 100vw, 945px\" \/><figcaption>Foto: Ante Poto\u010dki<\/figcaption><\/figure>\n","protected":false},"excerpt":{"rendered":"<p>Grmljavina zimi je za razliku od toplijeg dijela godine dosta rijetka pojava i naj\u010de\u0161\u0107e se&#8230;<\/p>\n","protected":false},"author":1,"featured_media":1986,"comment_status":"closed","ping_status":"open","sticky":false,"template":"","format":"standard","meta":{"_monsterinsights_skip_tracking":false,"_monsterinsights_sitenote_active":false,"_monsterinsights_sitenote_note":"","_monsterinsights_sitenote_category":0,"footnotes":""},"categories":[3],"tags":[115,96],"class_list":["post-1983","post","type-post","status-publish","format-standard","has-post-thumbnail","hentry","category-lokalno-vrijeme","tag-grmljavina","tag-nevrijeme"],"_links":{"self":[{"href":"https:\/\/sibenik-meteo.hr\/index.php\/wp-json\/wp\/v2\/posts\/1983","targetHints":{"allow":["GET"]}}],"collection":[{"href":"https:\/\/sibenik-meteo.hr\/index.php\/wp-json\/wp\/v2\/posts"}],"about":[{"href":"https:\/\/sibenik-meteo.hr\/index.php\/wp-json\/wp\/v2\/types\/post"}],"author":[{"embeddable":true,"href":"https:\/\/sibenik-meteo.hr\/index.php\/wp-json\/wp\/v2\/users\/1"}],"replies":[{"embeddable":true,"href":"https:\/\/sibenik-meteo.hr\/index.php\/wp-json\/wp\/v2\/comments?post=1983"}],"version-history":[{"count":3,"href":"https:\/\/sibenik-meteo.hr\/index.php\/wp-json\/wp\/v2\/posts\/1983\/revisions"}],"predecessor-version":[{"id":1990,"href":"https:\/\/sibenik-meteo.hr\/index.php\/wp-json\/wp\/v2\/posts\/1983\/revisions\/1990"}],"wp:featuredmedia":[{"embeddable":true,"href":"https:\/\/sibenik-meteo.hr\/index.php\/wp-json\/wp\/v2\/media\/1986"}],"wp:attachment":[{"href":"https:\/\/sibenik-meteo.hr\/index.php\/wp-json\/wp\/v2\/media?parent=1983"}],"wp:term":[{"taxonomy":"category","embeddable":true,"href":"https:\/\/sibenik-meteo.hr\/index.php\/wp-json\/wp\/v2\/categories?post=1983"},{"taxonomy":"post_tag","embeddable":true,"href":"https:\/\/sibenik-meteo.hr\/index.php\/wp-json\/wp\/v2\/tags?post=1983"}],"curies":[{"name":"wp","href":"https:\/\/api.w.org\/{rel}","templated":true}]}}