{"id":1836,"date":"2022-01-20T11:03:39","date_gmt":"2022-01-20T10:03:39","guid":{"rendered":"https:\/\/sibenik-meteo.hr\/?p=1836"},"modified":"2022-01-20T11:09:41","modified_gmt":"2022-01-20T10:09:41","slug":"video-u-turskoj-spaseno-2-000-osoba-zarobljenih-na-autocesti-zbog-snijega","status":"publish","type":"post","link":"https:\/\/sibenik-meteo.hr\/index.php\/2022\/01\/20\/video-u-turskoj-spaseno-2-000-osoba-zarobljenih-na-autocesti-zbog-snijega\/","title":{"rendered":"Video: U Turskoj spa\u0161eno 2.000 osoba zarobljenih na autocesti zbog snijega"},"content":{"rendered":"\n<p>Dvije tisu\u0107e osoba spa\u0161eno je nakon \u0161to su zbog obilnih  snje\u017enih oborina ostali zarobljeni na autocesti Tarsus &#8211; Adana &#8211;  Gaziantep (TAG), u Turskoj,&nbsp; rekao je guverner provincije Gaziantep  Davut Gul, a prenosi <a href=\"https:\/\/ba.n1info.com\/svijet\/turska-spaseno-2-000-ljudi-zarobljenih-na-autoputu-zbog-snijega-foto\/\"><em>N1<\/em><\/a>.<\/p>\n\n\n\n<p>Prioritet spasila\u010dkih ekipa bili su bolesni gra\u0111ani kojima je bila potrebna lije\u010dni\u010dka pomo\u0107.<\/p>\n\n\n\n<p>\u201cAutocesta je zatvorena. Medicinski timovi hitne slu\u010dajeve i one kojima  je potrebna terapija prevoze do zdravstvenih ustanova. Nema nikog da je  trebao ljekarsku pomo\u0107, a da nije prevezen do ustanove\u201d, rekao je Gul.<\/p>\n\n\n\n<figure class=\"wp-block-embed-youtube aligncenter wp-block-embed is-type-video is-provider-youtube wp-embed-aspect-16-9 wp-has-aspect-ratio\"><div class=\"wp-block-embed__wrapper\">\nhttps:\/\/youtu.be\/otOEz3mVEcM\n<\/div><\/figure>\n\n\n\n<p>Podijeljeni su i paketi s hranom ljudima koji su ostali zarobljeni na cesti. <\/p>\n\n\n\n<p>Ina\u010de prognoze nisu obe\u0107avaju\u0107e jer se ve\u0107 od vikenda u tom dijelu svijeta o\u010dekuje novo snje\u017eno nevrijeme uz obilan snijeg koji \u0107e osim u Turskoj padati i u Gr\u010dkoj.<\/p>\n\n\n\n<figure class=\"wp-block-embed-youtube aligncenter wp-block-embed is-type-video is-provider-youtube wp-embed-aspect-16-9 wp-has-aspect-ratio\"><div class=\"wp-block-embed__wrapper\">\n<iframe loading=\"lazy\" title=\"Yola \u00c7\u0131kacaklar Dikkat! D\u00fczce\u2019de Kar Yollar\u0131 Kapatt\u0131, Kilometrelerce Kuyruk Var...\" width=\"640\" height=\"360\" src=\"https:\/\/www.youtube.com\/embed\/Yj_pbK3pJD0?feature=oembed\" frameborder=\"0\" allow=\"accelerometer; autoplay; clipboard-write; encrypted-media; gyroscope; picture-in-picture; web-share\" referrerpolicy=\"strict-origin-when-cross-origin\" allowfullscreen><\/iframe>\n<\/div><\/figure>\n","protected":false},"excerpt":{"rendered":"<p>Dvije tisu\u0107e osoba spa\u0161eno je nakon \u0161to su zbog obilnih snje\u017enih oborina ostali zarobljeni na&#8230;<\/p>\n","protected":false},"author":1,"featured_media":1837,"comment_status":"closed","ping_status":"open","sticky":false,"template":"","format":"standard","meta":{"_monsterinsights_skip_tracking":false,"_monsterinsights_sitenote_active":false,"_monsterinsights_sitenote_note":"","_monsterinsights_sitenote_category":0,"footnotes":""},"categories":[9],"tags":[96,197,196,24,195,198],"class_list":["post-1836","post","type-post","status-publish","format-standard","has-post-thumbnail","hentry","category-svijet","tag-nevrijeme","tag-obilan-snijeg","tag-problemi","tag-snijeg","tag-turska","tag-zimska-oluja"],"_links":{"self":[{"href":"https:\/\/sibenik-meteo.hr\/index.php\/wp-json\/wp\/v2\/posts\/1836","targetHints":{"allow":["GET"]}}],"collection":[{"href":"https:\/\/sibenik-meteo.hr\/index.php\/wp-json\/wp\/v2\/posts"}],"about":[{"href":"https:\/\/sibenik-meteo.hr\/index.php\/wp-json\/wp\/v2\/types\/post"}],"author":[{"embeddable":true,"href":"https:\/\/sibenik-meteo.hr\/index.php\/wp-json\/wp\/v2\/users\/1"}],"replies":[{"embeddable":true,"href":"https:\/\/sibenik-meteo.hr\/index.php\/wp-json\/wp\/v2\/comments?post=1836"}],"version-history":[{"count":3,"href":"https:\/\/sibenik-meteo.hr\/index.php\/wp-json\/wp\/v2\/posts\/1836\/revisions"}],"predecessor-version":[{"id":1840,"href":"https:\/\/sibenik-meteo.hr\/index.php\/wp-json\/wp\/v2\/posts\/1836\/revisions\/1840"}],"wp:featuredmedia":[{"embeddable":true,"href":"https:\/\/sibenik-meteo.hr\/index.php\/wp-json\/wp\/v2\/media\/1837"}],"wp:attachment":[{"href":"https:\/\/sibenik-meteo.hr\/index.php\/wp-json\/wp\/v2\/media?parent=1836"}],"wp:term":[{"taxonomy":"category","embeddable":true,"href":"https:\/\/sibenik-meteo.hr\/index.php\/wp-json\/wp\/v2\/categories?post=1836"},{"taxonomy":"post_tag","embeddable":true,"href":"https:\/\/sibenik-meteo.hr\/index.php\/wp-json\/wp\/v2\/tags?post=1836"}],"curies":[{"name":"wp","href":"https:\/\/api.w.org\/{rel}","templated":true}]}}