{"id":1684,"date":"2022-01-10T06:08:33","date_gmt":"2022-01-10T05:08:33","guid":{"rendered":"https:\/\/sibenik-meteo.hr\/?p=1684"},"modified":"2022-01-10T06:08:34","modified_gmt":"2022-01-10T05:08:34","slug":"orkanska-bura-zatvorila-ceste-u-prekidu-i-neke-brodske-linije","status":"publish","type":"post","link":"https:\/\/sibenik-meteo.hr\/index.php\/2022\/01\/10\/orkanska-bura-zatvorila-ceste-u-prekidu-i-neke-brodske-linije\/","title":{"rendered":"Orkanska bura zatvorila ceste, u prekidu i neke brodske linije"},"content":{"rendered":"\n<p>Zbog orkanske bure na autocesti A6 Rijeka-Zagreb izme\u0111u Kikovice i Delnica i zimskih uvjeta na dr\u017eavnoj cesti kroz Gorski kotar (DC3) trenutno nema slobodnog cestovnog pravca od Zagreba prema Rijeci i obratno za kamione s prikolicama i teglja\u010de s poluprikolicama, javlja HAK u izvje\u0161taju od 06h.<br><\/p>\n\n\n\n<p>Za sve skupine vozila zatvoreni su:<\/p>\n\n\n\n<ul class=\"wp-block-list\"><li>autocesta A1 izme\u0111u \u010dvorova Sveti Rok i Posedarje, obilazak je dr\u017eavnim cestama preko Gra\u010daca, Obrovca i Karina (DC27 i DC50);\u00a0<\/li><li>dr\u017eavna cesta Maslenica-Zaton Obrova\u010dki (DC54);<\/li><li>Pa\u0161ki most (DC106).<\/li><\/ul>\n\n\n\n<p>Samo za osobna vozila otvorene su:<br><\/p>\n\n\n\n<ul class=\"wp-block-list\"><li>autocesta A6 Rijeka-Zagreb izme\u0111u \u010dvorova Kikovica i Delnice, teretna vozila s priklju\u010dnim vozilom isklju\u010duju se na odmori\u0161tu Vukova Gorica za smjer Rijeka i \u010dvoru Kikovica za smjer Zagreb;<\/li><li>Jadranska magistrala (DC8) izme\u0111u Senja i Svete Marije Magdalene.\u00a0<\/li><\/ul>\n\n\n\n<p>Na autocesti A7 izme\u0111u \u010dvorova Draga i \u0160mrika, Jadranskoj magistrali (DC8) izme\u0111u Bakra i Novog Vinodolskog i lokalnoj cesti Kri\u017ei\u0161\u0107e-Kraljevica (LC58107) zabrana je prometa za autobuse na kat, vozila s kamp prikolicama i motocikle (I. skupina), a na Jadranskoj magistrali izme\u0111u Novog Vinodolskog i Senja dodatno je zabrana za dostavna i vozila s natkrivenim teretnim prostorom (I. i II. skupina).<\/p>\n\n\n\n<div class=\"wp-block-image\"><figure class=\"aligncenter\"><img loading=\"lazy\" decoding=\"async\" width=\"800\" height=\"515\" src=\"https:\/\/sibenik-meteo.hr\/wp-content\/uploads\/2022\/01\/BECB4BAF-E9BC-4F18-9F33-C823074F6251.jpeg\" alt=\"\" class=\"wp-image-1685\" srcset=\"https:\/\/sibenik-meteo.hr\/wp-content\/uploads\/2022\/01\/BECB4BAF-E9BC-4F18-9F33-C823074F6251.jpeg 800w, https:\/\/sibenik-meteo.hr\/wp-content\/uploads\/2022\/01\/BECB4BAF-E9BC-4F18-9F33-C823074F6251-300x193.jpeg 300w, https:\/\/sibenik-meteo.hr\/wp-content\/uploads\/2022\/01\/BECB4BAF-E9BC-4F18-9F33-C823074F6251-768x494.jpeg 768w\" sizes=\"auto, (max-width: 800px) 100vw, 800px\" \/><\/figure><\/div>\n\n\n\n<p>Zbog olujne bure u prekidu su:\u00a0<\/p>\n\n\n\n<ul class=\"wp-block-list\"><li>trajektne linije Prizna-\u017digljen i Stinica-Mi\u0161njak;<\/li><li>brodska linija Mali Lo\u0161inj-Unije-Susak;<\/li><li>katamaranske linije Mali Lo\u0161inj-Cres-Rijeka i Novalja-Rab-Rijeka.<\/li><\/ul>\n\n\n\n<div class=\"wp-block-image\"><figure class=\"aligncenter\"><img loading=\"lazy\" decoding=\"async\" width=\"1000\" height=\"666\" src=\"https:\/\/sibenik-meteo.hr\/wp-content\/uploads\/2022\/01\/8948E84A-6DFC-4C62-85EA-27852A122F75.jpeg\" alt=\"\" class=\"wp-image-1686\" srcset=\"https:\/\/sibenik-meteo.hr\/wp-content\/uploads\/2022\/01\/8948E84A-6DFC-4C62-85EA-27852A122F75.jpeg 1000w, https:\/\/sibenik-meteo.hr\/wp-content\/uploads\/2022\/01\/8948E84A-6DFC-4C62-85EA-27852A122F75-300x200.jpeg 300w, https:\/\/sibenik-meteo.hr\/wp-content\/uploads\/2022\/01\/8948E84A-6DFC-4C62-85EA-27852A122F75-768x511.jpeg 768w\" sizes=\"auto, (max-width: 1000px) 100vw, 1000px\" \/><figcaption>Foto: FAH<\/figcaption><\/figure><\/div>\n","protected":false},"excerpt":{"rendered":"<p>Zbog orkanske bure na autocesti A6 Rijeka-Zagreb izme\u0111u Kikovice i Delnica i zimskih uvjeta na&#8230;<\/p>\n","protected":false},"author":1,"featured_media":1687,"comment_status":"closed","ping_status":"open","sticky":false,"template":"","format":"standard","meta":{"_monsterinsights_skip_tracking":false,"_monsterinsights_sitenote_active":false,"_monsterinsights_sitenote_note":"","_monsterinsights_sitenote_category":0,"footnotes":""},"categories":[10],"tags":[147,15,146,32,148,145,87,141],"class_list":["post-1684","post","type-post","status-publish","format-standard","has-post-thumbnail","hentry","category-hrvatska","tag-a1","tag-bura","tag-ceste","tag-hak","tag-maslenica","tag-orkanska-bura","tag-trajekti","tag-u-prekidu"],"_links":{"self":[{"href":"https:\/\/sibenik-meteo.hr\/index.php\/wp-json\/wp\/v2\/posts\/1684","targetHints":{"allow":["GET"]}}],"collection":[{"href":"https:\/\/sibenik-meteo.hr\/index.php\/wp-json\/wp\/v2\/posts"}],"about":[{"href":"https:\/\/sibenik-meteo.hr\/index.php\/wp-json\/wp\/v2\/types\/post"}],"author":[{"embeddable":true,"href":"https:\/\/sibenik-meteo.hr\/index.php\/wp-json\/wp\/v2\/users\/1"}],"replies":[{"embeddable":true,"href":"https:\/\/sibenik-meteo.hr\/index.php\/wp-json\/wp\/v2\/comments?post=1684"}],"version-history":[{"count":1,"href":"https:\/\/sibenik-meteo.hr\/index.php\/wp-json\/wp\/v2\/posts\/1684\/revisions"}],"predecessor-version":[{"id":1688,"href":"https:\/\/sibenik-meteo.hr\/index.php\/wp-json\/wp\/v2\/posts\/1684\/revisions\/1688"}],"wp:featuredmedia":[{"embeddable":true,"href":"https:\/\/sibenik-meteo.hr\/index.php\/wp-json\/wp\/v2\/media\/1687"}],"wp:attachment":[{"href":"https:\/\/sibenik-meteo.hr\/index.php\/wp-json\/wp\/v2\/media?parent=1684"}],"wp:term":[{"taxonomy":"category","embeddable":true,"href":"https:\/\/sibenik-meteo.hr\/index.php\/wp-json\/wp\/v2\/categories?post=1684"},{"taxonomy":"post_tag","embeddable":true,"href":"https:\/\/sibenik-meteo.hr\/index.php\/wp-json\/wp\/v2\/tags?post=1684"}],"curies":[{"name":"wp","href":"https:\/\/api.w.org\/{rel}","templated":true}]}}