{"id":1169,"date":"2021-11-22T16:38:32","date_gmt":"2021-11-22T15:38:32","guid":{"rendered":"https:\/\/sibenik-meteo.hr\/?p=1169"},"modified":"2021-12-29T16:40:24","modified_gmt":"2021-12-29T15:40:24","slug":"munja-usmrtila-ribara-na-moru-kod-grebastice","status":"publish","type":"post","link":"https:\/\/sibenik-meteo.hr\/index.php\/2021\/11\/22\/munja-usmrtila-ribara-na-moru-kod-grebastice\/","title":{"rendered":"Munja usmrtila ribara na moru kod Greba\u0161tice"},"content":{"rendered":"\n<p>utros u 6,32 sati \nPolicijska uprava \u0161ibensko-kninska je zaprimila dojavu da je u jednu \nosobu koja se nalazila na brodici na moru udario grom. Izlaskom na \nmjesto doga\u0111aja utvrdili smo da je na lokaciji uvala Musarovica-O\u0161trica u\n brodicu 62-godi\u0161njaka udario grom na kojem su se nalazile dvije osobe. \nPrilikom udara groma smrtno je stradao 61-godi\u0161njak dok je 62-godi\u0161njak \nprevezan u Op\u0107u bolnicu \u0160ibenik na pregled \u2013 priop\u0107eno je iz \u0161ibenske \npolicije, a prenosi <a href=\"http:\/\/www.sibenik.in\/crna-kronika\/muskarac-(61)-smrtno-stradao-uslijed-udara-groma-na-moru-kod-grebastice-drugi-prevezen-u-bolnicu\/146607.html\" target=\"_blank\" rel=\"noreferrer noopener\">\u0160ibenik In<\/a>.<\/p>\n\n\n\n<figure class=\"wp-block-image\"><img loading=\"lazy\" decoding=\"async\" width=\"800\" height=\"600\" src=\"https:\/\/sibenik-meteo.hr\/wp-content\/uploads\/2021\/12\/original.jpg\" alt=\"\" class=\"wp-image-1170\" srcset=\"https:\/\/sibenik-meteo.hr\/wp-content\/uploads\/2021\/12\/original.jpg 800w, https:\/\/sibenik-meteo.hr\/wp-content\/uploads\/2021\/12\/original-300x225.jpg 300w, https:\/\/sibenik-meteo.hr\/wp-content\/uploads\/2021\/12\/original-768x576.jpg 768w\" sizes=\"auto, (max-width: 800px) 100vw, 800px\" \/><\/figure>\n\n\n\n<p>Na\n brodu je obavljen o\u010devid, a o nesretnom doga\u0111aju \u0107e Posebnim izvje\u0161\u0107em \nbiti obavije\u0161teno \u017dupanijsko dr\u017eavno odvjetni\u0161tvo iz \u0160ibenika.<\/p>\n","protected":false},"excerpt":{"rendered":"<p>utros u 6,32 sati Policijska uprava \u0161ibensko-kninska je zaprimila dojavu da je u jednu osobu&#8230;<\/p>\n","protected":false},"author":2,"featured_media":1170,"comment_status":"closed","ping_status":"open","sticky":false,"template":"","format":"standard","meta":{"_monsterinsights_skip_tracking":false,"_monsterinsights_sitenote_active":false,"_monsterinsights_sitenote_note":"","_monsterinsights_sitenote_category":0,"footnotes":""},"categories":[3],"tags":[],"class_list":["post-1169","post","type-post","status-publish","format-standard","has-post-thumbnail","hentry","category-lokalno-vrijeme"],"_links":{"self":[{"href":"https:\/\/sibenik-meteo.hr\/index.php\/wp-json\/wp\/v2\/posts\/1169","targetHints":{"allow":["GET"]}}],"collection":[{"href":"https:\/\/sibenik-meteo.hr\/index.php\/wp-json\/wp\/v2\/posts"}],"about":[{"href":"https:\/\/sibenik-meteo.hr\/index.php\/wp-json\/wp\/v2\/types\/post"}],"author":[{"embeddable":true,"href":"https:\/\/sibenik-meteo.hr\/index.php\/wp-json\/wp\/v2\/users\/2"}],"replies":[{"embeddable":true,"href":"https:\/\/sibenik-meteo.hr\/index.php\/wp-json\/wp\/v2\/comments?post=1169"}],"version-history":[{"count":1,"href":"https:\/\/sibenik-meteo.hr\/index.php\/wp-json\/wp\/v2\/posts\/1169\/revisions"}],"predecessor-version":[{"id":1171,"href":"https:\/\/sibenik-meteo.hr\/index.php\/wp-json\/wp\/v2\/posts\/1169\/revisions\/1171"}],"wp:featuredmedia":[{"embeddable":true,"href":"https:\/\/sibenik-meteo.hr\/index.php\/wp-json\/wp\/v2\/media\/1170"}],"wp:attachment":[{"href":"https:\/\/sibenik-meteo.hr\/index.php\/wp-json\/wp\/v2\/media?parent=1169"}],"wp:term":[{"taxonomy":"category","embeddable":true,"href":"https:\/\/sibenik-meteo.hr\/index.php\/wp-json\/wp\/v2\/categories?post=1169"},{"taxonomy":"post_tag","embeddable":true,"href":"https:\/\/sibenik-meteo.hr\/index.php\/wp-json\/wp\/v2\/tags?post=1169"}],"curies":[{"name":"wp","href":"https:\/\/api.w.org\/{rel}","templated":true}]}}